{"id":520,"date":"2023-07-18T22:36:45","date_gmt":"2023-07-18T20:36:45","guid":{"rendered":"https:\/\/tuto-comment.fr\/?p=64"},"modified":"2023-07-18T22:36:45","modified_gmt":"2023-07-18T20:36:45","slug":"pourquoi-la-periode-1789-a-1793-constitue-t-elle-une-rupture","status":"publish","type":"post","link":"https:\/\/tuto-comment.fr\/index.php\/2023\/07\/18\/pourquoi-la-periode-1789-a-1793-constitue-t-elle-une-rupture\/","title":{"rendered":"Pourquoi la p\u00e9riode 1789 \u00e0 1793 constitue-t-elle une rupture"},"content":{"rendered":"\n<p><strong>Pourquoi la p\u00e9riode 1789 \u00e0 1793 constitue-t-elle une rupture ?<\/strong><\/p>\n\n\n\n<figure class=\"wp-block-image size-large is-resized\"><img  title=\"\" loading=\"lazy\" decoding=\"async\" src=\"https:\/\/tuto-comment.fr\/wp-content\/uploads\/2023\/07\/pexels-atypeek-dgn-12264050-1024x768.jpg\"  alt=\"pexels-atypeek-dgn-12264050-1024x768 Pourquoi la p\u00e9riode 1789 \u00e0 1793 constitue-t-elle une rupture\"  class=\"wp-image-65\" width=\"302\" height=\"227\"\/><\/figure>\n\n\n\n<p>La R\u00e9volution fran\u00e7aise de 1789 \u00e0 1793 demeure l&#8217;un des \u00e9v\u00e9nements les plus marquants de l&#8217;histoire moderne. Elle a \u00e9t\u00e9 le catalyseur d&#8217;un changement radical qui a boulevers\u00e9 l&#8217;ensemble de la soci\u00e9t\u00e9 fran\u00e7aise et a profond\u00e9ment influenc\u00e9 le cours de l&#8217;histoire mondiale. Cette p\u00e9riode tumultueuse a \u00e9t\u00e9 marqu\u00e9e par des bouleversements politiques, sociaux et \u00e9conomiques sans pr\u00e9c\u00e9dent, qui en font une rupture majeure dans l&#8217;histoire de la France et du monde. Dans cet article, nous explorerons les raisons pour lesquelles la p\u00e9riode de 1789 \u00e0 1793 repr\u00e9sente une rupture historique significative.<\/p>\n\n\n\n<ol class=\"wp-block-list\">\n<li class=\"has-large-font-size\"><strong>L&#8217;Effondrement de l&#8217;Ancien R\u00e9gime<\/strong><\/li>\n<\/ol>\n\n\n\n<p>La R\u00e9volution fran\u00e7aise a mis fin \u00e0 des si\u00e8cles de domination monarchique et f\u00e9odale en France. L&#8217;Ancien R\u00e9gime, caract\u00e9ris\u00e9 par un syst\u00e8me social rigide et in\u00e9galitaire, a \u00e9t\u00e9 \u00e9branl\u00e9 par la mont\u00e9e en puissance du mouvement r\u00e9volutionnaire. La D\u00e9claration des droits de l&#8217;homme et du citoyen de 1789 proclamait l&#8217;\u00e9galit\u00e9 de tous les citoyens devant la loi, mettant ainsi fin aux privil\u00e8ges de la noblesse et du clerg\u00e9. La monarchie absolue de droit divin fut abolie, marquant une rupture radicale avec le pass\u00e9 et ouvrant la voie \u00e0 l&#8217;\u00e9mergence de la France en tant que r\u00e9publique.<\/p>\n\n\n\n<ol class=\"wp-block-list\" start=\"2\">\n<li class=\"has-large-font-size\"><strong>L&#8217;Instauration de la R\u00e9publique<\/strong><\/li>\n<\/ol>\n\n\n\n<p>En 1792, la R\u00e9publique fran\u00e7aise fut proclam\u00e9e, rempla\u00e7ant la monarchie qui avait r\u00e9gn\u00e9 sur le pays pendant des si\u00e8cles. Cela repr\u00e9sentait une transformation profonde du syst\u00e8me politique fran\u00e7ais, o\u00f9 le pouvoir n&#8217;\u00e9tait plus concentr\u00e9 entre les mains d&#8217;un monarque, mais dans les mains du peuple souverain. L&#8217;id\u00e9al de la d\u00e9mocratie \u00e9tait n\u00e9, symbolisant une rupture avec l&#8217;ancien syst\u00e8me d&#8217;autorit\u00e9 absolue.<\/p>\n\n\n\n<ol class=\"wp-block-list\" start=\"3\">\n<li class=\"has-large-font-size\"><strong>La Radicalisation du Processus R\u00e9volutionnaire<\/strong><\/li>\n<\/ol>\n\n\n\n<p>La p\u00e9riode 1789-1793 fut marqu\u00e9e par une radicalisation croissante du mouvement r\u00e9volutionnaire. Sous l&#8217;influence de mouvements politiques tels que les Jacobins, dirig\u00e9s par Robespierre, la R\u00e9volution adopta des mesures plus radicales pour \u00e9radiquer les vestiges de l&#8217;Ancien R\u00e9gime. Cela se traduisit par l&#8217;ex\u00e9cution du roi Louis XVI en 1793, ainsi que par la p\u00e9riode de la Terreur, caract\u00e9ris\u00e9e par des ex\u00e9cutions massives de suppos\u00e9s ennemis de la R\u00e9volution. Cette violence politique a marqu\u00e9 une rupture brutale avec les normes \u00e9tablies et a profond\u00e9ment divis\u00e9 la soci\u00e9t\u00e9 fran\u00e7aise.<\/p>\n\n\n\n<ol class=\"wp-block-list\" start=\"4\">\n<li class=\"has-large-font-size\"><strong>Les R\u00e9formes Sociales et \u00c9conomiques<\/strong><\/li>\n<\/ol>\n\n\n\n<p>La R\u00e9volution fran\u00e7aise a \u00e9galement \u00e9t\u00e9 le moteur de r\u00e9formes sociales et \u00e9conomiques majeures. Les biens du clerg\u00e9 furent confisqu\u00e9s, la f\u00e9odalit\u00e9 abolie, et des mesures furent prises pour am\u00e9liorer les conditions de vie des plus d\u00e9favoris\u00e9s. La R\u00e9volution a cherch\u00e9 \u00e0 instaurer une soci\u00e9t\u00e9 plus \u00e9galitaire et \u00e0 cr\u00e9er un syst\u00e8me de m\u00e9ritocratie plut\u00f4t que de privil\u00e8ges h\u00e9r\u00e9ditaires. Ces changements ont marqu\u00e9 une rupture significative avec les in\u00e9galit\u00e9s du pass\u00e9 et ont jet\u00e9 les bases d&#8217;une soci\u00e9t\u00e9 nouvelle.<\/p>\n\n\n\n<ol class=\"wp-block-list\" start=\"5\">\n<li class=\"has-large-font-size\"><strong>La Diffusion des Id\u00e9aux R\u00e9volutionnaires<\/strong><\/li>\n<\/ol>\n\n\n\n<p>La R\u00e9volution fran\u00e7aise a eu un impact bien au-del\u00e0 des fronti\u00e8res fran\u00e7aises. Ses id\u00e9aux de libert\u00e9, d&#8217;\u00e9galit\u00e9 et de fraternit\u00e9 ont inspir\u00e9 des mouvements r\u00e9volutionnaires dans d&#8217;autres pays, tels que l&#8217;Europe, l&#8217;Am\u00e9rique latine et les colonies d&#8217;outre-mer. La R\u00e9volution fran\u00e7aise a ainsi jou\u00e9 un r\u00f4le central dans la propagation des id\u00e9es d\u00e9mocratiques et r\u00e9publicaines \u00e0 l&#8217;\u00e9chelle mondiale, devenant un symbole universel de la lutte pour la libert\u00e9 et l&#8217;\u00e9galit\u00e9.<\/p>\n\n\n\n<div style=\"height:100px\" aria-hidden=\"true\" class=\"wp-block-spacer\"><\/div>\n\n\n\n<p>La p\u00e9riode de 1789 \u00e0 1793 constitue sans aucun doute une rupture historique majeure. La R\u00e9volution fran\u00e7aise a marqu\u00e9 la fin d&#8217;un ordre social s\u00e9culaire et l&#8217;\u00e9mergence d&#8217;une nouvelle \u00e8re caract\u00e9ris\u00e9e par des id\u00e9es r\u00e9publicaines, des r\u00e9formes sociales et \u00e9conomiques, et une diffusion mondiale d&#8217;id\u00e9aux r\u00e9volutionnaires. Malgr\u00e9 ses exc\u00e8s et ses contradictions, la R\u00e9volution fran\u00e7aise a laiss\u00e9 un h\u00e9ritage durable dans l&#8217;histoire, fa\u00e7onnant la France et le monde moderne tels que nous les connaissons aujourd&#8217;hui.<\/p>\n","protected":false},"excerpt":{"rendered":"<p>D\u00e9couvrez l&#8217;impact r\u00e9volutionnaire de la p\u00e9riode 1789 \u00e0 1793 en France. Explorez les racines d&#8217;un changement radical qui a fa\u00e7onn\u00e9 la soci\u00e9t\u00e9 fran\u00e7aise.<\/p>\n","protected":false},"author":1,"featured_media":65,"comment_status":"open","ping_status":"open","sticky":false,"template":"","format":"standard","meta":{"_glsr_average":0,"_glsr_ranking":0,"_glsr_reviews":0,"footnotes":""},"categories":[4],"tags":[],"class_list":["post-520","post","type-post","status-publish","format-standard","has-post-thumbnail","hentry","category-divers"],"yoast_head":"<!-- This site is optimized with the Yoast SEO plugin v26.8 - https:\/\/yoast.com\/product\/yoast-seo-wordpress\/ -->\n<title>Pourquoi la p\u00e9riode 1789 \u00e0 1793 constitue-t-elle une rupture ?<\/title>\n<meta name=\"description\" content=\"D\u00e9couvrez l&#039;impact r\u00e9volutionnaire de la p\u00e9riode 1789 \u00e0 1793 en France. Explorez les racines d&#039;un changement radical qui a fa\u00e7onn\u00e9 la soci\u00e9t\u00e9 fran\u00e7aise.\" \/>\n<meta name=\"robots\" content=\"index, follow, max-snippet:-1, max-image-preview:large, max-video-preview:-1\" \/>\n<link rel=\"canonical\" href=\"https:\/\/tuto-comment.fr\/index.php\/2023\/07\/18\/pourquoi-la-periode-1789-a-1793-constitue-t-elle-une-rupture\/\" \/>\n<meta property=\"og:locale\" content=\"en_US\" \/>\n<meta property=\"og:type\" content=\"article\" \/>\n<meta property=\"og:title\" content=\"Pourquoi la p\u00e9riode 1789 \u00e0 1793 constitue-t-elle une rupture ?\" \/>\n<meta property=\"og:description\" content=\"D\u00e9couvrez l&#039;impact r\u00e9volutionnaire de la p\u00e9riode 1789 \u00e0 1793 en France. Explorez les racines d&#039;un changement radical qui a fa\u00e7onn\u00e9 la soci\u00e9t\u00e9 fran\u00e7aise.\" \/>\n<meta property=\"og:url\" content=\"https:\/\/tuto-comment.fr\/index.php\/2023\/07\/18\/pourquoi-la-periode-1789-a-1793-constitue-t-elle-une-rupture\/\" \/>\n<meta property=\"og:site_name\" content=\"TutoComment\" \/>\n<meta property=\"article:published_time\" content=\"2023-07-18T20:36:45+00:00\" \/>\n<meta property=\"og:image\" content=\"https:\/\/tuto-comment.fr\/wp-content\/uploads\/2023\/07\/pexels-atypeek-dgn-12264050-scaled-1.jpg\" \/>\n\t<meta property=\"og:image:width\" content=\"2560\" \/>\n\t<meta property=\"og:image:height\" content=\"1920\" \/>\n\t<meta property=\"og:image:type\" content=\"image\/jpeg\" \/>\n<meta name=\"author\" content=\"tuto-comment.fr\" \/>\n<meta name=\"twitter:card\" content=\"summary_large_image\" \/>\n<meta name=\"twitter:label1\" content=\"Written by\" \/>\n\t<meta name=\"twitter:data1\" content=\"tuto-comment.fr\" \/>\n\t<meta name=\"twitter:label2\" content=\"Est. reading time\" \/>\n\t<meta name=\"twitter:data2\" content=\"4 minutes\" \/>\n<script type=\"application\/ld+json\" class=\"yoast-schema-graph\">{\"@context\":\"https:\/\/schema.org\",\"@graph\":[{\"@type\":\"Article\",\"@id\":\"https:\/\/tuto-comment.fr\/index.php\/2023\/07\/18\/pourquoi-la-periode-1789-a-1793-constitue-t-elle-une-rupture\/#article\",\"isPartOf\":{\"@id\":\"https:\/\/tuto-comment.fr\/index.php\/2023\/07\/18\/pourquoi-la-periode-1789-a-1793-constitue-t-elle-une-rupture\/\"},\"author\":{\"name\":\"tuto-comment.fr\",\"@id\":\"https:\/\/tuto-comment.fr\/#\/schema\/person\/1e7b057c231167a8ccaf57d03a17ff2a\"},\"headline\":\"Pourquoi la p\u00e9riode 1789 \u00e0 1793 constitue-t-elle une rupture\",\"datePublished\":\"2023-07-18T20:36:45+00:00\",\"mainEntityOfPage\":{\"@id\":\"https:\/\/tuto-comment.fr\/index.php\/2023\/07\/18\/pourquoi-la-periode-1789-a-1793-constitue-t-elle-une-rupture\/\"},\"wordCount\":720,\"commentCount\":0,\"publisher\":{\"@id\":\"https:\/\/tuto-comment.fr\/#organization\"},\"image\":{\"@id\":\"https:\/\/tuto-comment.fr\/index.php\/2023\/07\/18\/pourquoi-la-periode-1789-a-1793-constitue-t-elle-une-rupture\/#primaryimage\"},\"thumbnailUrl\":\"https:\/\/tuto-comment.fr\/wp-content\/uploads\/2023\/07\/pexels-atypeek-dgn-12264050-scaled-1.jpg\",\"articleSection\":[\"Divers\"],\"inLanguage\":\"en-US\",\"potentialAction\":[{\"@type\":\"CommentAction\",\"name\":\"Comment\",\"target\":[\"https:\/\/tuto-comment.fr\/index.php\/2023\/07\/18\/pourquoi-la-periode-1789-a-1793-constitue-t-elle-une-rupture\/#respond\"]}]},{\"@type\":\"WebPage\",\"@id\":\"https:\/\/tuto-comment.fr\/index.php\/2023\/07\/18\/pourquoi-la-periode-1789-a-1793-constitue-t-elle-une-rupture\/\",\"url\":\"https:\/\/tuto-comment.fr\/index.php\/2023\/07\/18\/pourquoi-la-periode-1789-a-1793-constitue-t-elle-une-rupture\/\",\"name\":\"Pourquoi la p\u00e9riode 1789 \u00e0 1793 constitue-t-elle une rupture ?\",\"isPartOf\":{\"@id\":\"https:\/\/tuto-comment.fr\/#website\"},\"primaryImageOfPage\":{\"@id\":\"https:\/\/tuto-comment.fr\/index.php\/2023\/07\/18\/pourquoi-la-periode-1789-a-1793-constitue-t-elle-une-rupture\/#primaryimage\"},\"image\":{\"@id\":\"https:\/\/tuto-comment.fr\/index.php\/2023\/07\/18\/pourquoi-la-periode-1789-a-1793-constitue-t-elle-une-rupture\/#primaryimage\"},\"thumbnailUrl\":\"https:\/\/tuto-comment.fr\/wp-content\/uploads\/2023\/07\/pexels-atypeek-dgn-12264050-scaled-1.jpg\",\"datePublished\":\"2023-07-18T20:36:45+00:00\",\"description\":\"D\u00e9couvrez l'impact r\u00e9volutionnaire de la p\u00e9riode 1789 \u00e0 1793 en France. Explorez les racines d'un changement radical qui a fa\u00e7onn\u00e9 la soci\u00e9t\u00e9 fran\u00e7aise.\",\"breadcrumb\":{\"@id\":\"https:\/\/tuto-comment.fr\/index.php\/2023\/07\/18\/pourquoi-la-periode-1789-a-1793-constitue-t-elle-une-rupture\/#breadcrumb\"},\"inLanguage\":\"en-US\",\"potentialAction\":[{\"@type\":\"ReadAction\",\"target\":[\"https:\/\/tuto-comment.fr\/index.php\/2023\/07\/18\/pourquoi-la-periode-1789-a-1793-constitue-t-elle-une-rupture\/\"]}]},{\"@type\":\"ImageObject\",\"inLanguage\":\"en-US\",\"@id\":\"https:\/\/tuto-comment.fr\/index.php\/2023\/07\/18\/pourquoi-la-periode-1789-a-1793-constitue-t-elle-une-rupture\/#primaryimage\",\"url\":\"https:\/\/tuto-comment.fr\/wp-content\/uploads\/2023\/07\/pexels-atypeek-dgn-12264050-scaled-1.jpg\",\"contentUrl\":\"https:\/\/tuto-comment.fr\/wp-content\/uploads\/2023\/07\/pexels-atypeek-dgn-12264050-scaled-1.jpg\",\"width\":2560,\"height\":1920},{\"@type\":\"BreadcrumbList\",\"@id\":\"https:\/\/tuto-comment.fr\/index.php\/2023\/07\/18\/pourquoi-la-periode-1789-a-1793-constitue-t-elle-une-rupture\/#breadcrumb\",\"itemListElement\":[{\"@type\":\"ListItem\",\"position\":1,\"name\":\"Accueil\",\"item\":\"https:\/\/tuto-comment.fr\/\"},{\"@type\":\"ListItem\",\"position\":2,\"name\":\"Pourquoi la p\u00e9riode 1789 \u00e0 1793 constitue-t-elle une rupture\"}]},{\"@type\":\"WebSite\",\"@id\":\"https:\/\/tuto-comment.fr\/#website\",\"url\":\"https:\/\/tuto-comment.fr\/\",\"name\":\"TutoComment\",\"description\":\"Trouvez enfin r\u00e9ponse \u00e0 toutes vos questions !\",\"publisher\":{\"@id\":\"https:\/\/tuto-comment.fr\/#organization\"},\"potentialAction\":[{\"@type\":\"SearchAction\",\"target\":{\"@type\":\"EntryPoint\",\"urlTemplate\":\"https:\/\/tuto-comment.fr\/?s={search_term_string}\"},\"query-input\":{\"@type\":\"PropertyValueSpecification\",\"valueRequired\":true,\"valueName\":\"search_term_string\"}}],\"inLanguage\":\"en-US\"},{\"@type\":\"Organization\",\"@id\":\"https:\/\/tuto-comment.fr\/#organization\",\"name\":\"TutoComment\",\"url\":\"https:\/\/tuto-comment.fr\/\",\"logo\":{\"@type\":\"ImageObject\",\"inLanguage\":\"en-US\",\"@id\":\"https:\/\/tuto-comment.fr\/#\/schema\/logo\/image\/\",\"url\":\"https:\/\/tuto-comment.fr\/wp-content\/uploads\/2024\/01\/cropped-cropped-Design-sans-titre1-fotor-20230711192851.png\",\"contentUrl\":\"https:\/\/tuto-comment.fr\/wp-content\/uploads\/2024\/01\/cropped-cropped-Design-sans-titre1-fotor-20230711192851.png\",\"width\":512,\"height\":512,\"caption\":\"TutoComment\"},\"image\":{\"@id\":\"https:\/\/tuto-comment.fr\/#\/schema\/logo\/image\/\"}},{\"@type\":\"Person\",\"@id\":\"https:\/\/tuto-comment.fr\/#\/schema\/person\/1e7b057c231167a8ccaf57d03a17ff2a\",\"name\":\"tuto-comment.fr\",\"image\":{\"@type\":\"ImageObject\",\"inLanguage\":\"en-US\",\"@id\":\"https:\/\/tuto-comment.fr\/#\/schema\/person\/image\/\",\"url\":\"https:\/\/secure.gravatar.com\/avatar\/e071c928d43fd70423265539115cd13e?s=96&d=mm&r=g\",\"contentUrl\":\"https:\/\/secure.gravatar.com\/avatar\/e071c928d43fd70423265539115cd13e?s=96&d=mm&r=g\",\"caption\":\"tuto-comment.fr\"},\"sameAs\":[\"http:\/\/tuto-comment.fr\"],\"url\":\"https:\/\/tuto-comment.fr\/index.php\/author\/tuto-comment-fr\/\"}]}<\/script>\n<!-- \/ Yoast SEO plugin. -->","yoast_head_json":{"title":"Pourquoi la p\u00e9riode 1789 \u00e0 1793 constitue-t-elle une rupture ?","description":"D\u00e9couvrez l'impact r\u00e9volutionnaire de la p\u00e9riode 1789 \u00e0 1793 en France. Explorez les racines d'un changement radical qui a fa\u00e7onn\u00e9 la soci\u00e9t\u00e9 fran\u00e7aise.","robots":{"index":"index","follow":"follow","max-snippet":"max-snippet:-1","max-image-preview":"max-image-preview:large","max-video-preview":"max-video-preview:-1"},"canonical":"https:\/\/tuto-comment.fr\/index.php\/2023\/07\/18\/pourquoi-la-periode-1789-a-1793-constitue-t-elle-une-rupture\/","og_locale":"en_US","og_type":"article","og_title":"Pourquoi la p\u00e9riode 1789 \u00e0 1793 constitue-t-elle une rupture ?","og_description":"D\u00e9couvrez l'impact r\u00e9volutionnaire de la p\u00e9riode 1789 \u00e0 1793 en France. Explorez les racines d'un changement radical qui a fa\u00e7onn\u00e9 la soci\u00e9t\u00e9 fran\u00e7aise.","og_url":"https:\/\/tuto-comment.fr\/index.php\/2023\/07\/18\/pourquoi-la-periode-1789-a-1793-constitue-t-elle-une-rupture\/","og_site_name":"TutoComment","article_published_time":"2023-07-18T20:36:45+00:00","og_image":[{"width":2560,"height":1920,"url":"https:\/\/tuto-comment.fr\/wp-content\/uploads\/2023\/07\/pexels-atypeek-dgn-12264050-scaled-1.jpg","type":"image\/jpeg"}],"author":"tuto-comment.fr","twitter_card":"summary_large_image","twitter_misc":{"Written by":"tuto-comment.fr","Est. reading time":"4 minutes"},"schema":{"@context":"https:\/\/schema.org","@graph":[{"@type":"Article","@id":"https:\/\/tuto-comment.fr\/index.php\/2023\/07\/18\/pourquoi-la-periode-1789-a-1793-constitue-t-elle-une-rupture\/#article","isPartOf":{"@id":"https:\/\/tuto-comment.fr\/index.php\/2023\/07\/18\/pourquoi-la-periode-1789-a-1793-constitue-t-elle-une-rupture\/"},"author":{"name":"tuto-comment.fr","@id":"https:\/\/tuto-comment.fr\/#\/schema\/person\/1e7b057c231167a8ccaf57d03a17ff2a"},"headline":"Pourquoi la p\u00e9riode 1789 \u00e0 1793 constitue-t-elle une rupture","datePublished":"2023-07-18T20:36:45+00:00","mainEntityOfPage":{"@id":"https:\/\/tuto-comment.fr\/index.php\/2023\/07\/18\/pourquoi-la-periode-1789-a-1793-constitue-t-elle-une-rupture\/"},"wordCount":720,"commentCount":0,"publisher":{"@id":"https:\/\/tuto-comment.fr\/#organization"},"image":{"@id":"https:\/\/tuto-comment.fr\/index.php\/2023\/07\/18\/pourquoi-la-periode-1789-a-1793-constitue-t-elle-une-rupture\/#primaryimage"},"thumbnailUrl":"https:\/\/tuto-comment.fr\/wp-content\/uploads\/2023\/07\/pexels-atypeek-dgn-12264050-scaled-1.jpg","articleSection":["Divers"],"inLanguage":"en-US","potentialAction":[{"@type":"CommentAction","name":"Comment","target":["https:\/\/tuto-comment.fr\/index.php\/2023\/07\/18\/pourquoi-la-periode-1789-a-1793-constitue-t-elle-une-rupture\/#respond"]}]},{"@type":"WebPage","@id":"https:\/\/tuto-comment.fr\/index.php\/2023\/07\/18\/pourquoi-la-periode-1789-a-1793-constitue-t-elle-une-rupture\/","url":"https:\/\/tuto-comment.fr\/index.php\/2023\/07\/18\/pourquoi-la-periode-1789-a-1793-constitue-t-elle-une-rupture\/","name":"Pourquoi la p\u00e9riode 1789 \u00e0 1793 constitue-t-elle une rupture ?","isPartOf":{"@id":"https:\/\/tuto-comment.fr\/#website"},"primaryImageOfPage":{"@id":"https:\/\/tuto-comment.fr\/index.php\/2023\/07\/18\/pourquoi-la-periode-1789-a-1793-constitue-t-elle-une-rupture\/#primaryimage"},"image":{"@id":"https:\/\/tuto-comment.fr\/index.php\/2023\/07\/18\/pourquoi-la-periode-1789-a-1793-constitue-t-elle-une-rupture\/#primaryimage"},"thumbnailUrl":"https:\/\/tuto-comment.fr\/wp-content\/uploads\/2023\/07\/pexels-atypeek-dgn-12264050-scaled-1.jpg","datePublished":"2023-07-18T20:36:45+00:00","description":"D\u00e9couvrez l'impact r\u00e9volutionnaire de la p\u00e9riode 1789 \u00e0 1793 en France. Explorez les racines d'un changement radical qui a fa\u00e7onn\u00e9 la soci\u00e9t\u00e9 fran\u00e7aise.","breadcrumb":{"@id":"https:\/\/tuto-comment.fr\/index.php\/2023\/07\/18\/pourquoi-la-periode-1789-a-1793-constitue-t-elle-une-rupture\/#breadcrumb"},"inLanguage":"en-US","potentialAction":[{"@type":"ReadAction","target":["https:\/\/tuto-comment.fr\/index.php\/2023\/07\/18\/pourquoi-la-periode-1789-a-1793-constitue-t-elle-une-rupture\/"]}]},{"@type":"ImageObject","inLanguage":"en-US","@id":"https:\/\/tuto-comment.fr\/index.php\/2023\/07\/18\/pourquoi-la-periode-1789-a-1793-constitue-t-elle-une-rupture\/#primaryimage","url":"https:\/\/tuto-comment.fr\/wp-content\/uploads\/2023\/07\/pexels-atypeek-dgn-12264050-scaled-1.jpg","contentUrl":"https:\/\/tuto-comment.fr\/wp-content\/uploads\/2023\/07\/pexels-atypeek-dgn-12264050-scaled-1.jpg","width":2560,"height":1920},{"@type":"BreadcrumbList","@id":"https:\/\/tuto-comment.fr\/index.php\/2023\/07\/18\/pourquoi-la-periode-1789-a-1793-constitue-t-elle-une-rupture\/#breadcrumb","itemListElement":[{"@type":"ListItem","position":1,"name":"Accueil","item":"https:\/\/tuto-comment.fr\/"},{"@type":"ListItem","position":2,"name":"Pourquoi la p\u00e9riode 1789 \u00e0 1793 constitue-t-elle une rupture"}]},{"@type":"WebSite","@id":"https:\/\/tuto-comment.fr\/#website","url":"https:\/\/tuto-comment.fr\/","name":"TutoComment","description":"Trouvez enfin r\u00e9ponse \u00e0 toutes vos questions !","publisher":{"@id":"https:\/\/tuto-comment.fr\/#organization"},"potentialAction":[{"@type":"SearchAction","target":{"@type":"EntryPoint","urlTemplate":"https:\/\/tuto-comment.fr\/?s={search_term_string}"},"query-input":{"@type":"PropertyValueSpecification","valueRequired":true,"valueName":"search_term_string"}}],"inLanguage":"en-US"},{"@type":"Organization","@id":"https:\/\/tuto-comment.fr\/#organization","name":"TutoComment","url":"https:\/\/tuto-comment.fr\/","logo":{"@type":"ImageObject","inLanguage":"en-US","@id":"https:\/\/tuto-comment.fr\/#\/schema\/logo\/image\/","url":"https:\/\/tuto-comment.fr\/wp-content\/uploads\/2024\/01\/cropped-cropped-Design-sans-titre1-fotor-20230711192851.png","contentUrl":"https:\/\/tuto-comment.fr\/wp-content\/uploads\/2024\/01\/cropped-cropped-Design-sans-titre1-fotor-20230711192851.png","width":512,"height":512,"caption":"TutoComment"},"image":{"@id":"https:\/\/tuto-comment.fr\/#\/schema\/logo\/image\/"}},{"@type":"Person","@id":"https:\/\/tuto-comment.fr\/#\/schema\/person\/1e7b057c231167a8ccaf57d03a17ff2a","name":"tuto-comment.fr","image":{"@type":"ImageObject","inLanguage":"en-US","@id":"https:\/\/tuto-comment.fr\/#\/schema\/person\/image\/","url":"https:\/\/secure.gravatar.com\/avatar\/e071c928d43fd70423265539115cd13e?s=96&d=mm&r=g","contentUrl":"https:\/\/secure.gravatar.com\/avatar\/e071c928d43fd70423265539115cd13e?s=96&d=mm&r=g","caption":"tuto-comment.fr"},"sameAs":["http:\/\/tuto-comment.fr"],"url":"https:\/\/tuto-comment.fr\/index.php\/author\/tuto-comment-fr\/"}]}},"_links":{"self":[{"href":"https:\/\/tuto-comment.fr\/index.php\/wp-json\/wp\/v2\/posts\/520","targetHints":{"allow":["GET"]}}],"collection":[{"href":"https:\/\/tuto-comment.fr\/index.php\/wp-json\/wp\/v2\/posts"}],"about":[{"href":"https:\/\/tuto-comment.fr\/index.php\/wp-json\/wp\/v2\/types\/post"}],"author":[{"embeddable":true,"href":"https:\/\/tuto-comment.fr\/index.php\/wp-json\/wp\/v2\/users\/1"}],"replies":[{"embeddable":true,"href":"https:\/\/tuto-comment.fr\/index.php\/wp-json\/wp\/v2\/comments?post=520"}],"version-history":[{"count":0,"href":"https:\/\/tuto-comment.fr\/index.php\/wp-json\/wp\/v2\/posts\/520\/revisions"}],"wp:featuredmedia":[{"embeddable":true,"href":"https:\/\/tuto-comment.fr\/index.php\/wp-json\/wp\/v2\/media\/65"}],"wp:attachment":[{"href":"https:\/\/tuto-comment.fr\/index.php\/wp-json\/wp\/v2\/media?parent=520"}],"wp:term":[{"taxonomy":"category","embeddable":true,"href":"https:\/\/tuto-comment.fr\/index.php\/wp-json\/wp\/v2\/categories?post=520"},{"taxonomy":"post_tag","embeddable":true,"href":"https:\/\/tuto-comment.fr\/index.php\/wp-json\/wp\/v2\/tags?post=520"}],"curies":[{"name":"wp","href":"https:\/\/api.w.org\/{rel}","templated":true}]}}