{"id":493,"date":"2023-08-31T08:00:00","date_gmt":"2023-08-31T06:00:00","guid":{"rendered":"https:\/\/tuto-comment.fr\/?p=493"},"modified":"2023-08-31T08:00:00","modified_gmt":"2023-08-31T06:00:00","slug":"pourquoi-certaines-personnes-nont-pas-de-memoire","status":"publish","type":"post","link":"https:\/\/tuto-comment.fr\/index.php\/2023\/08\/31\/pourquoi-certaines-personnes-nont-pas-de-memoire\/","title":{"rendered":"Pourquoi certaines personnes n&#8217;ont pas de m\u00e9moire ?"},"content":{"rendered":"\n<div id=\"ez-toc-container\" class=\"ez-toc-v2_0_82_2 counter-hierarchy ez-toc-counter ez-toc-grey ez-toc-container-direction\">\n<div class=\"ez-toc-title-container\">\n<p class=\"ez-toc-title\" style=\"cursor:inherit\">Table des mati\u00e8res<\/p>\n<span class=\"ez-toc-title-toggle\"><a href=\"#\" class=\"ez-toc-pull-right ez-toc-btn ez-toc-btn-xs ez-toc-btn-default ez-toc-toggle\" aria-label=\"Toggle Table of Content\"><span class=\"ez-toc-js-icon-con\"><span class=\"\"><span class=\"eztoc-hide\" style=\"display:none;\">Toggle<\/span><span class=\"ez-toc-icon-toggle-span\"><svg style=\"fill: #999;color:#999\" xmlns=\"http:\/\/www.w3.org\/2000\/svg\" class=\"list-377408\" width=\"20px\" height=\"20px\" viewBox=\"0 0 24 24\" fill=\"none\"><path d=\"M6 6H4v2h2V6zm14 0H8v2h12V6zM4 11h2v2H4v-2zm16 0H8v2h12v-2zM4 16h2v2H4v-2zm16 0H8v2h12v-2z\" fill=\"currentColor\"><\/path><\/svg><svg style=\"fill: #999;color:#999\" class=\"arrow-unsorted-368013\" xmlns=\"http:\/\/www.w3.org\/2000\/svg\" width=\"10px\" height=\"10px\" viewBox=\"0 0 24 24\" version=\"1.2\" baseProfile=\"tiny\"><path d=\"M18.2 9.3l-6.2-6.3-6.2 6.3c-.2.2-.3.4-.3.7s.1.5.3.7c.2.2.4.3.7.3h11c.3 0 .5-.1.7-.3.2-.2.3-.5.3-.7s-.1-.5-.3-.7zM5.8 14.7l6.2 6.3 6.2-6.3c.2-.2.3-.5.3-.7s-.1-.5-.3-.7c-.2-.2-.4-.3-.7-.3h-11c-.3 0-.5.1-.7.3-.2.2-.3.5-.3.7s.1.5.3.7z\"\/><\/svg><\/span><\/span><\/span><\/a><\/span><\/div>\n<nav><ul class='ez-toc-list ez-toc-list-level-1 ' ><li class='ez-toc-page-1 ez-toc-heading-level-1'><a class=\"ez-toc-link ez-toc-heading-1\" href=\"https:\/\/tuto-comment.fr\/index.php\/2023\/08\/31\/pourquoi-certaines-personnes-nont-pas-de-memoire\/#Pourquoi_certaines_personnes_nont_pas_de_memoire\" >Pourquoi certaines personnes n&#8217;ont pas de m\u00e9moire ?<\/a><ul class='ez-toc-list-level-2' ><li class='ez-toc-heading-level-2'><a class=\"ez-toc-link ez-toc-heading-2\" href=\"https:\/\/tuto-comment.fr\/index.php\/2023\/08\/31\/pourquoi-certaines-personnes-nont-pas-de-memoire\/#Facteurs_Genetiques\" >Facteurs G\u00e9n\u00e9tiques<\/a><\/li><li class='ez-toc-page-1 ez-toc-heading-level-2'><a class=\"ez-toc-link ez-toc-heading-3\" href=\"https:\/\/tuto-comment.fr\/index.php\/2023\/08\/31\/pourquoi-certaines-personnes-nont-pas-de-memoire\/#Facteurs_Environnementaux\" >Facteurs Environnementaux<\/a><\/li><li class='ez-toc-page-1 ez-toc-heading-level-2'><a class=\"ez-toc-link ez-toc-heading-4\" href=\"https:\/\/tuto-comment.fr\/index.php\/2023\/08\/31\/pourquoi-certaines-personnes-nont-pas-de-memoire\/#Conditions_Medicales\" >Conditions M\u00e9dicales<\/a><\/li><li class='ez-toc-page-1 ez-toc-heading-level-2'><a class=\"ez-toc-link ez-toc-heading-5\" href=\"https:\/\/tuto-comment.fr\/index.php\/2023\/08\/31\/pourquoi-certaines-personnes-nont-pas-de-memoire\/#Mode_de_Vie_et_Habitudes\" >Mode de Vie et Habitudes<\/a><\/li><li class='ez-toc-page-1 ez-toc-heading-level-2'><a class=\"ez-toc-link ez-toc-heading-6\" href=\"https:\/\/tuto-comment.fr\/index.php\/2023\/08\/31\/pourquoi-certaines-personnes-nont-pas-de-memoire\/#Solutions_pour_Ameliorer_la_Memoire\" >Solutions pour Am\u00e9liorer la M\u00e9moire<\/a><\/li><li class='ez-toc-page-1 ez-toc-heading-level-2'><a class=\"ez-toc-link ez-toc-heading-7\" href=\"https:\/\/tuto-comment.fr\/index.php\/2023\/08\/31\/pourquoi-certaines-personnes-nont-pas-de-memoire\/#Conclusion\" >Conclusion<\/a><\/li><\/ul><\/li><\/ul><\/nav><\/div>\n<h1 class=\"wp-block-heading has-large-font-size\"><span class=\"ez-toc-section\" id=\"Pourquoi_certaines_personnes_nont_pas_de_memoire\"><\/span><strong>Pourquoi certaines personnes n&#8217;ont pas de m\u00e9moire ?<\/strong><span class=\"ez-toc-section-end\"><\/span><\/h1>\n\n\n\n<p>La m\u00e9moire est une facult\u00e9 complexe et vitale qui nous permet de stocker, r\u00e9cup\u00e9rer et utiliser des informations acquises au fil du temps. Cependant, il arrive que certaines personnes \u00e9prouvent des difficult\u00e9s \u00e0 se souvenir d&#8217;\u00e9v\u00e9nements, de faits ou m\u00eame de d\u00e9tails simples de la vie quotidienne. Pourquoi cela se produit-il ? Dans cet article, nous allons explorer les raisons pour lesquelles certaines personnes ont des probl\u00e8mes de m\u00e9moire et examiner les facteurs sous-jacents qui peuvent influencer cette facult\u00e9. De plus, nous aborderons des solutions potentielles pour am\u00e9liorer la m\u00e9moire et la cognition.<\/p>\n\n\n\n<figure class=\"wp-block-image size-large is-resized\"><img  title=\"\" loading=\"lazy\" decoding=\"async\" src=\"https:\/\/tuto-comment.fr\/wp-content\/uploads\/2023\/08\/pexels-mart-production-7089020-1024x683.jpg\"  alt=\"pexels-mart-production-7089020-1024x683 Pourquoi certaines personnes n&#039;ont pas de m\u00e9moire ?\"  class=\"wp-image-494\" width=\"439\" height=\"292\"\/><\/figure>\n\n\n\n<div style=\"height:100px\" aria-hidden=\"true\" class=\"wp-block-spacer\"><\/div>\n\n\n\n<h2 class=\"wp-block-heading has-large-font-size\"><span class=\"ez-toc-section\" id=\"Facteurs_Genetiques\"><\/span><strong>Facteurs G\u00e9n\u00e9tiques<\/strong><span class=\"ez-toc-section-end\"><\/span><\/h2>\n\n\n\n<p>La g\u00e9n\u00e9tique joue un r\u00f4le crucial dans la mani\u00e8re dont nos cerveaux fonctionnent, y compris la m\u00e9moire. Des \u00e9tudes scientifiques ont r\u00e9v\u00e9l\u00e9 que certaines personnes sont plus pr\u00e9dispos\u00e9es g\u00e9n\u00e9tiquement \u00e0 avoir des probl\u00e8mes de m\u00e9moire. Des variations dans les g\u00e8nes responsables du d\u00e9veloppement neuronal et de la communication entre les cellules c\u00e9r\u00e9brales peuvent contribuer \u00e0 des difficult\u00e9s de m\u00e9moire. Si vous avez des ant\u00e9c\u00e9dents familiaux de probl\u00e8mes de m\u00e9moire, il est possible que vous soyez plus susceptible de rencontrer des d\u00e9fis similaires.<\/p>\n\n\n\n<h2 class=\"wp-block-heading has-large-font-size\"><span class=\"ez-toc-section\" id=\"Facteurs_Environnementaux\"><\/span><strong>Facteurs Environnementaux<\/strong><span class=\"ez-toc-section-end\"><\/span><\/h2>\n\n\n\n<p>Notre environnement peut \u00e9galement jouer un r\u00f4le majeur dans notre capacit\u00e9 \u00e0 m\u00e9moriser les informations. Les facteurs environnementaux tels que le stress chronique, le manque de sommeil, une alimentation d\u00e9s\u00e9quilibr\u00e9e et la consommation excessive d&#8217;alcool ou de drogues peuvent avoir un impact n\u00e9gatif sur la m\u00e9moire. Le stress, par exemple, peut lib\u00e9rer des hormones qui perturbent les processus cognitifs et rendent difficile la consolidation des souvenirs.<\/p>\n\n\n\n<h2 class=\"wp-block-heading has-large-font-size\"><span class=\"ez-toc-section\" id=\"Conditions_Medicales\"><\/span><strong>Conditions M\u00e9dicales<\/strong><span class=\"ez-toc-section-end\"><\/span><\/h2>\n\n\n\n<p>Certaines conditions m\u00e9dicales peuvent entra\u00eener des probl\u00e8mes de m\u00e9moire. Parmi celles-ci, on trouve la maladie d&#8217;Alzheimer, la d\u00e9mence vasculaire et d&#8217;autres troubles neurologiques. Ces affections peuvent endommager les structures c\u00e9r\u00e9brales impliqu\u00e9es dans la m\u00e9moire, ce qui entra\u00eene une alt\u00e9ration de la fonction mn\u00e9sique. Il est important de consulter un professionnel de la sant\u00e9 si vous remarquez des changements significatifs dans votre m\u00e9moire, car un diagnostic pr\u00e9coce peut permettre une prise en charge plus efficace.<\/p>\n\n\n\n<h2 class=\"wp-block-heading has-large-font-size\"><span class=\"ez-toc-section\" id=\"Mode_de_Vie_et_Habitudes\"><\/span><strong>Mode de Vie et Habitudes<\/strong><span class=\"ez-toc-section-end\"><\/span><\/h2>\n\n\n\n<p>Un mode de vie sain peut grandement influencer la m\u00e9moire. L&#8217;exercice physique r\u00e9gulier stimule la circulation sanguine vers le cerveau, favorisant ainsi la croissance de nouvelles cellules nerveuses et am\u00e9liorant la fonction cognitive. De m\u00eame, une alimentation \u00e9quilibr\u00e9e riche en antioxydants et en acides gras om\u00e9ga-3 peut contribuer \u00e0 maintenir la sant\u00e9 c\u00e9r\u00e9brale. La pratique de techniques de relaxation telles que la m\u00e9ditation et le yoga peut r\u00e9duire le stress, favorisant ainsi une meilleure m\u00e9moire.<\/p>\n\n\n\n<h2 class=\"wp-block-heading has-large-font-size\"><span class=\"ez-toc-section\" id=\"Solutions_pour_Ameliorer_la_Memoire\"><\/span><strong>Solutions pour Am\u00e9liorer la M\u00e9moire<\/strong><span class=\"ez-toc-section-end\"><\/span><\/h2>\n\n\n\n<p>Si vous avez des probl\u00e8mes de m\u00e9moire, il existe des \u00e9tapes que vous pouvez entreprendre pour am\u00e9liorer votre fonction mn\u00e9sique :<\/p>\n\n\n\n<ol class=\"wp-block-list\">\n<li><strong>Exercice C\u00e9r\u00e9bral :<\/strong> Stimulez votre cerveau en relevant des d\u00e9fis mentaux, tels que des puzzles, des jeux de m\u00e9moire et des activit\u00e9s d&#8217;apprentissage nouvelles.<\/li>\n\n\n\n<li><strong>Gestion du Stress :<\/strong> Apprenez des techniques de gestion du stress pour r\u00e9duire les effets n\u00e9gatifs du stress sur la m\u00e9moire.<\/li>\n\n\n\n<li><strong>Sommeil de Qualit\u00e9 :<\/strong> Assurez-vous de dormir suffisamment, car le sommeil est essentiel \u00e0 la consolidation des souvenirs.<\/li>\n\n\n\n<li><strong>Alimentation \u00c9quilibr\u00e9e :<\/strong> Adoptez une alimentation riche en nutriments b\u00e9n\u00e9fiques pour le cerveau, comme les l\u00e9gumes, les fruits, les noix et les poissons gras.<\/li>\n\n\n\n<li><strong>Activit\u00e9 Physique :<\/strong> Int\u00e9grez l&#8217;exercice r\u00e9gulier \u00e0 votre routine pour favoriser la circulation sanguine vers le cerveau.<\/li>\n<\/ol>\n\n\n\n<div style=\"height:100px\" aria-hidden=\"true\" class=\"wp-block-spacer\"><\/div>\n\n\n\n<h2 class=\"wp-block-heading has-large-font-size\"><span class=\"ez-toc-section\" id=\"Conclusion\"><\/span><strong>Conclusion<\/strong><span class=\"ez-toc-section-end\"><\/span><\/h2>\n\n\n\n<p>Les probl\u00e8mes de m\u00e9moire peuvent \u00eatre caus\u00e9s par une combinaison de facteurs g\u00e9n\u00e9tiques, environnementaux, m\u00e9dicaux et de style de vie. Heureusement, il existe des moyens d&#8217;am\u00e9liorer la m\u00e9moire en prenant des mesures pour promouvoir la sant\u00e9 c\u00e9r\u00e9brale et en adoptant des strat\u00e9gies sp\u00e9cifiques pour renforcer la fonction mn\u00e9sique. En comprenant les causes possibles des probl\u00e8mes de m\u00e9moire et en mettant en \u0153uvre des solutions appropri\u00e9es, il est possible d&#8217;am\u00e9liorer la capacit\u00e9 de se souvenir et de mener une vie plus \u00e9panouissante. Si les probl\u00e8mes de m\u00e9moire persistent, il est recommand\u00e9 de consulter un professionnel de la sant\u00e9 pour obtenir des conseils adapt\u00e9s \u00e0 votre situation.<\/p>\n","protected":false},"excerpt":{"rendered":"<p>D\u00e9couvrez pourquoi certaines personnes rencontrent des probl\u00e8mes de m\u00e9moire et les facteurs sous-jacents qui influencent cette facult\u00e9.<\/p>\n","protected":false},"author":1,"featured_media":494,"comment_status":"open","ping_status":"open","sticky":false,"template":"","format":"standard","meta":{"_glsr_average":0,"_glsr_ranking":0,"_glsr_reviews":0,"footnotes":""},"categories":[8],"tags":[],"class_list":["post-493","post","type-post","status-publish","format-standard","has-post-thumbnail","hentry","category-sante"],"yoast_head":"<!-- This site is optimized with the Yoast SEO plugin v26.8 - https:\/\/yoast.com\/product\/yoast-seo-wordpress\/ -->\n<title>Pourquoi certaines personnes n&#039;ont pas de m\u00e9moire ?<\/title>\n<meta name=\"description\" content=\"D\u00e9couvrez pourquoi certaines personnes rencontrent des probl\u00e8mes de m\u00e9moire et les facteurs sous-jacents qui influencent cette facult\u00e9.\" \/>\n<meta name=\"robots\" content=\"index, follow, max-snippet:-1, max-image-preview:large, max-video-preview:-1\" \/>\n<link rel=\"canonical\" href=\"https:\/\/tuto-comment.fr\/index.php\/2023\/08\/31\/pourquoi-certaines-personnes-nont-pas-de-memoire\/\" \/>\n<meta property=\"og:locale\" content=\"en_US\" \/>\n<meta property=\"og:type\" content=\"article\" \/>\n<meta property=\"og:title\" content=\"Pourquoi certaines personnes n&#039;ont pas de m\u00e9moire ?\" \/>\n<meta property=\"og:description\" content=\"D\u00e9couvrez pourquoi certaines personnes rencontrent des probl\u00e8mes de m\u00e9moire et les facteurs sous-jacents qui influencent cette facult\u00e9.\" \/>\n<meta property=\"og:url\" content=\"https:\/\/tuto-comment.fr\/index.php\/2023\/08\/31\/pourquoi-certaines-personnes-nont-pas-de-memoire\/\" \/>\n<meta property=\"og:site_name\" content=\"TutoComment\" \/>\n<meta property=\"article:published_time\" content=\"2023-08-31T06:00:00+00:00\" \/>\n<meta property=\"og:image\" content=\"http:\/\/tuto-comment.fr\/wp-content\/uploads\/2023\/08\/pexels-mart-production-7089020-scaled-1.jpg\" \/>\n\t<meta property=\"og:image:width\" content=\"2560\" \/>\n\t<meta property=\"og:image:height\" content=\"1707\" \/>\n\t<meta property=\"og:image:type\" content=\"image\/jpeg\" \/>\n<meta name=\"author\" content=\"tuto-comment.fr\" \/>\n<meta name=\"twitter:card\" content=\"summary_large_image\" \/>\n<meta name=\"twitter:label1\" content=\"Written by\" \/>\n\t<meta name=\"twitter:data1\" content=\"tuto-comment.fr\" \/>\n\t<meta name=\"twitter:label2\" content=\"Est. reading time\" \/>\n\t<meta name=\"twitter:data2\" content=\"4 minutes\" \/>\n<script type=\"application\/ld+json\" class=\"yoast-schema-graph\">{\"@context\":\"https:\/\/schema.org\",\"@graph\":[{\"@type\":\"Article\",\"@id\":\"https:\/\/tuto-comment.fr\/index.php\/2023\/08\/31\/pourquoi-certaines-personnes-nont-pas-de-memoire\/#article\",\"isPartOf\":{\"@id\":\"https:\/\/tuto-comment.fr\/index.php\/2023\/08\/31\/pourquoi-certaines-personnes-nont-pas-de-memoire\/\"},\"author\":{\"name\":\"tuto-comment.fr\",\"@id\":\"https:\/\/tuto-comment.fr\/#\/schema\/person\/1e7b057c231167a8ccaf57d03a17ff2a\"},\"headline\":\"Pourquoi certaines personnes n&#8217;ont pas de m\u00e9moire ?\",\"datePublished\":\"2023-08-31T06:00:00+00:00\",\"mainEntityOfPage\":{\"@id\":\"https:\/\/tuto-comment.fr\/index.php\/2023\/08\/31\/pourquoi-certaines-personnes-nont-pas-de-memoire\/\"},\"wordCount\":760,\"commentCount\":0,\"publisher\":{\"@id\":\"https:\/\/tuto-comment.fr\/#organization\"},\"image\":{\"@id\":\"https:\/\/tuto-comment.fr\/index.php\/2023\/08\/31\/pourquoi-certaines-personnes-nont-pas-de-memoire\/#primaryimage\"},\"thumbnailUrl\":\"https:\/\/tuto-comment.fr\/wp-content\/uploads\/2023\/08\/pexels-mart-production-7089020-scaled-1.jpg\",\"articleSection\":[\"Sant\u00e9\"],\"inLanguage\":\"en-US\",\"potentialAction\":[{\"@type\":\"CommentAction\",\"name\":\"Comment\",\"target\":[\"https:\/\/tuto-comment.fr\/index.php\/2023\/08\/31\/pourquoi-certaines-personnes-nont-pas-de-memoire\/#respond\"]}]},{\"@type\":\"WebPage\",\"@id\":\"https:\/\/tuto-comment.fr\/index.php\/2023\/08\/31\/pourquoi-certaines-personnes-nont-pas-de-memoire\/\",\"url\":\"https:\/\/tuto-comment.fr\/index.php\/2023\/08\/31\/pourquoi-certaines-personnes-nont-pas-de-memoire\/\",\"name\":\"Pourquoi certaines personnes n'ont pas de m\u00e9moire ?\",\"isPartOf\":{\"@id\":\"https:\/\/tuto-comment.fr\/#website\"},\"primaryImageOfPage\":{\"@id\":\"https:\/\/tuto-comment.fr\/index.php\/2023\/08\/31\/pourquoi-certaines-personnes-nont-pas-de-memoire\/#primaryimage\"},\"image\":{\"@id\":\"https:\/\/tuto-comment.fr\/index.php\/2023\/08\/31\/pourquoi-certaines-personnes-nont-pas-de-memoire\/#primaryimage\"},\"thumbnailUrl\":\"https:\/\/tuto-comment.fr\/wp-content\/uploads\/2023\/08\/pexels-mart-production-7089020-scaled-1.jpg\",\"datePublished\":\"2023-08-31T06:00:00+00:00\",\"description\":\"D\u00e9couvrez pourquoi certaines personnes rencontrent des probl\u00e8mes de m\u00e9moire et les facteurs sous-jacents qui influencent cette facult\u00e9.\",\"breadcrumb\":{\"@id\":\"https:\/\/tuto-comment.fr\/index.php\/2023\/08\/31\/pourquoi-certaines-personnes-nont-pas-de-memoire\/#breadcrumb\"},\"inLanguage\":\"en-US\",\"potentialAction\":[{\"@type\":\"ReadAction\",\"target\":[\"https:\/\/tuto-comment.fr\/index.php\/2023\/08\/31\/pourquoi-certaines-personnes-nont-pas-de-memoire\/\"]}]},{\"@type\":\"ImageObject\",\"inLanguage\":\"en-US\",\"@id\":\"https:\/\/tuto-comment.fr\/index.php\/2023\/08\/31\/pourquoi-certaines-personnes-nont-pas-de-memoire\/#primaryimage\",\"url\":\"https:\/\/tuto-comment.fr\/wp-content\/uploads\/2023\/08\/pexels-mart-production-7089020-scaled-1.jpg\",\"contentUrl\":\"https:\/\/tuto-comment.fr\/wp-content\/uploads\/2023\/08\/pexels-mart-production-7089020-scaled-1.jpg\",\"width\":2560,\"height\":1707},{\"@type\":\"BreadcrumbList\",\"@id\":\"https:\/\/tuto-comment.fr\/index.php\/2023\/08\/31\/pourquoi-certaines-personnes-nont-pas-de-memoire\/#breadcrumb\",\"itemListElement\":[{\"@type\":\"ListItem\",\"position\":1,\"name\":\"Accueil\",\"item\":\"https:\/\/tuto-comment.fr\/\"},{\"@type\":\"ListItem\",\"position\":2,\"name\":\"Pourquoi certaines personnes n&rsquo;ont pas de m\u00e9moire ?\"}]},{\"@type\":\"WebSite\",\"@id\":\"https:\/\/tuto-comment.fr\/#website\",\"url\":\"https:\/\/tuto-comment.fr\/\",\"name\":\"TutoComment\",\"description\":\"Trouvez enfin r\u00e9ponse \u00e0 toutes vos questions !\",\"publisher\":{\"@id\":\"https:\/\/tuto-comment.fr\/#organization\"},\"potentialAction\":[{\"@type\":\"SearchAction\",\"target\":{\"@type\":\"EntryPoint\",\"urlTemplate\":\"https:\/\/tuto-comment.fr\/?s={search_term_string}\"},\"query-input\":{\"@type\":\"PropertyValueSpecification\",\"valueRequired\":true,\"valueName\":\"search_term_string\"}}],\"inLanguage\":\"en-US\"},{\"@type\":\"Organization\",\"@id\":\"https:\/\/tuto-comment.fr\/#organization\",\"name\":\"TutoComment\",\"url\":\"https:\/\/tuto-comment.fr\/\",\"logo\":{\"@type\":\"ImageObject\",\"inLanguage\":\"en-US\",\"@id\":\"https:\/\/tuto-comment.fr\/#\/schema\/logo\/image\/\",\"url\":\"https:\/\/tuto-comment.fr\/wp-content\/uploads\/2024\/01\/cropped-cropped-Design-sans-titre1-fotor-20230711192851.png\",\"contentUrl\":\"https:\/\/tuto-comment.fr\/wp-content\/uploads\/2024\/01\/cropped-cropped-Design-sans-titre1-fotor-20230711192851.png\",\"width\":512,\"height\":512,\"caption\":\"TutoComment\"},\"image\":{\"@id\":\"https:\/\/tuto-comment.fr\/#\/schema\/logo\/image\/\"}},{\"@type\":\"Person\",\"@id\":\"https:\/\/tuto-comment.fr\/#\/schema\/person\/1e7b057c231167a8ccaf57d03a17ff2a\",\"name\":\"tuto-comment.fr\",\"image\":{\"@type\":\"ImageObject\",\"inLanguage\":\"en-US\",\"@id\":\"https:\/\/tuto-comment.fr\/#\/schema\/person\/image\/\",\"url\":\"https:\/\/secure.gravatar.com\/avatar\/e071c928d43fd70423265539115cd13e?s=96&d=mm&r=g\",\"contentUrl\":\"https:\/\/secure.gravatar.com\/avatar\/e071c928d43fd70423265539115cd13e?s=96&d=mm&r=g\",\"caption\":\"tuto-comment.fr\"},\"sameAs\":[\"http:\/\/tuto-comment.fr\"],\"url\":\"https:\/\/tuto-comment.fr\/index.php\/author\/tuto-comment-fr\/\"}]}<\/script>\n<!-- \/ Yoast SEO plugin. -->","yoast_head_json":{"title":"Pourquoi certaines personnes n'ont pas de m\u00e9moire ?","description":"D\u00e9couvrez pourquoi certaines personnes rencontrent des probl\u00e8mes de m\u00e9moire et les facteurs sous-jacents qui influencent cette facult\u00e9.","robots":{"index":"index","follow":"follow","max-snippet":"max-snippet:-1","max-image-preview":"max-image-preview:large","max-video-preview":"max-video-preview:-1"},"canonical":"https:\/\/tuto-comment.fr\/index.php\/2023\/08\/31\/pourquoi-certaines-personnes-nont-pas-de-memoire\/","og_locale":"en_US","og_type":"article","og_title":"Pourquoi certaines personnes n'ont pas de m\u00e9moire ?","og_description":"D\u00e9couvrez pourquoi certaines personnes rencontrent des probl\u00e8mes de m\u00e9moire et les facteurs sous-jacents qui influencent cette facult\u00e9.","og_url":"https:\/\/tuto-comment.fr\/index.php\/2023\/08\/31\/pourquoi-certaines-personnes-nont-pas-de-memoire\/","og_site_name":"TutoComment","article_published_time":"2023-08-31T06:00:00+00:00","og_image":[{"width":2560,"height":1707,"url":"http:\/\/tuto-comment.fr\/wp-content\/uploads\/2023\/08\/pexels-mart-production-7089020-scaled-1.jpg","type":"image\/jpeg"}],"author":"tuto-comment.fr","twitter_card":"summary_large_image","twitter_misc":{"Written by":"tuto-comment.fr","Est. reading time":"4 minutes"},"schema":{"@context":"https:\/\/schema.org","@graph":[{"@type":"Article","@id":"https:\/\/tuto-comment.fr\/index.php\/2023\/08\/31\/pourquoi-certaines-personnes-nont-pas-de-memoire\/#article","isPartOf":{"@id":"https:\/\/tuto-comment.fr\/index.php\/2023\/08\/31\/pourquoi-certaines-personnes-nont-pas-de-memoire\/"},"author":{"name":"tuto-comment.fr","@id":"https:\/\/tuto-comment.fr\/#\/schema\/person\/1e7b057c231167a8ccaf57d03a17ff2a"},"headline":"Pourquoi certaines personnes n&#8217;ont pas de m\u00e9moire ?","datePublished":"2023-08-31T06:00:00+00:00","mainEntityOfPage":{"@id":"https:\/\/tuto-comment.fr\/index.php\/2023\/08\/31\/pourquoi-certaines-personnes-nont-pas-de-memoire\/"},"wordCount":760,"commentCount":0,"publisher":{"@id":"https:\/\/tuto-comment.fr\/#organization"},"image":{"@id":"https:\/\/tuto-comment.fr\/index.php\/2023\/08\/31\/pourquoi-certaines-personnes-nont-pas-de-memoire\/#primaryimage"},"thumbnailUrl":"https:\/\/tuto-comment.fr\/wp-content\/uploads\/2023\/08\/pexels-mart-production-7089020-scaled-1.jpg","articleSection":["Sant\u00e9"],"inLanguage":"en-US","potentialAction":[{"@type":"CommentAction","name":"Comment","target":["https:\/\/tuto-comment.fr\/index.php\/2023\/08\/31\/pourquoi-certaines-personnes-nont-pas-de-memoire\/#respond"]}]},{"@type":"WebPage","@id":"https:\/\/tuto-comment.fr\/index.php\/2023\/08\/31\/pourquoi-certaines-personnes-nont-pas-de-memoire\/","url":"https:\/\/tuto-comment.fr\/index.php\/2023\/08\/31\/pourquoi-certaines-personnes-nont-pas-de-memoire\/","name":"Pourquoi certaines personnes n'ont pas de m\u00e9moire ?","isPartOf":{"@id":"https:\/\/tuto-comment.fr\/#website"},"primaryImageOfPage":{"@id":"https:\/\/tuto-comment.fr\/index.php\/2023\/08\/31\/pourquoi-certaines-personnes-nont-pas-de-memoire\/#primaryimage"},"image":{"@id":"https:\/\/tuto-comment.fr\/index.php\/2023\/08\/31\/pourquoi-certaines-personnes-nont-pas-de-memoire\/#primaryimage"},"thumbnailUrl":"https:\/\/tuto-comment.fr\/wp-content\/uploads\/2023\/08\/pexels-mart-production-7089020-scaled-1.jpg","datePublished":"2023-08-31T06:00:00+00:00","description":"D\u00e9couvrez pourquoi certaines personnes rencontrent des probl\u00e8mes de m\u00e9moire et les facteurs sous-jacents qui influencent cette facult\u00e9.","breadcrumb":{"@id":"https:\/\/tuto-comment.fr\/index.php\/2023\/08\/31\/pourquoi-certaines-personnes-nont-pas-de-memoire\/#breadcrumb"},"inLanguage":"en-US","potentialAction":[{"@type":"ReadAction","target":["https:\/\/tuto-comment.fr\/index.php\/2023\/08\/31\/pourquoi-certaines-personnes-nont-pas-de-memoire\/"]}]},{"@type":"ImageObject","inLanguage":"en-US","@id":"https:\/\/tuto-comment.fr\/index.php\/2023\/08\/31\/pourquoi-certaines-personnes-nont-pas-de-memoire\/#primaryimage","url":"https:\/\/tuto-comment.fr\/wp-content\/uploads\/2023\/08\/pexels-mart-production-7089020-scaled-1.jpg","contentUrl":"https:\/\/tuto-comment.fr\/wp-content\/uploads\/2023\/08\/pexels-mart-production-7089020-scaled-1.jpg","width":2560,"height":1707},{"@type":"BreadcrumbList","@id":"https:\/\/tuto-comment.fr\/index.php\/2023\/08\/31\/pourquoi-certaines-personnes-nont-pas-de-memoire\/#breadcrumb","itemListElement":[{"@type":"ListItem","position":1,"name":"Accueil","item":"https:\/\/tuto-comment.fr\/"},{"@type":"ListItem","position":2,"name":"Pourquoi certaines personnes n&rsquo;ont pas de m\u00e9moire ?"}]},{"@type":"WebSite","@id":"https:\/\/tuto-comment.fr\/#website","url":"https:\/\/tuto-comment.fr\/","name":"TutoComment","description":"Trouvez enfin r\u00e9ponse \u00e0 toutes vos questions !","publisher":{"@id":"https:\/\/tuto-comment.fr\/#organization"},"potentialAction":[{"@type":"SearchAction","target":{"@type":"EntryPoint","urlTemplate":"https:\/\/tuto-comment.fr\/?s={search_term_string}"},"query-input":{"@type":"PropertyValueSpecification","valueRequired":true,"valueName":"search_term_string"}}],"inLanguage":"en-US"},{"@type":"Organization","@id":"https:\/\/tuto-comment.fr\/#organization","name":"TutoComment","url":"https:\/\/tuto-comment.fr\/","logo":{"@type":"ImageObject","inLanguage":"en-US","@id":"https:\/\/tuto-comment.fr\/#\/schema\/logo\/image\/","url":"https:\/\/tuto-comment.fr\/wp-content\/uploads\/2024\/01\/cropped-cropped-Design-sans-titre1-fotor-20230711192851.png","contentUrl":"https:\/\/tuto-comment.fr\/wp-content\/uploads\/2024\/01\/cropped-cropped-Design-sans-titre1-fotor-20230711192851.png","width":512,"height":512,"caption":"TutoComment"},"image":{"@id":"https:\/\/tuto-comment.fr\/#\/schema\/logo\/image\/"}},{"@type":"Person","@id":"https:\/\/tuto-comment.fr\/#\/schema\/person\/1e7b057c231167a8ccaf57d03a17ff2a","name":"tuto-comment.fr","image":{"@type":"ImageObject","inLanguage":"en-US","@id":"https:\/\/tuto-comment.fr\/#\/schema\/person\/image\/","url":"https:\/\/secure.gravatar.com\/avatar\/e071c928d43fd70423265539115cd13e?s=96&d=mm&r=g","contentUrl":"https:\/\/secure.gravatar.com\/avatar\/e071c928d43fd70423265539115cd13e?s=96&d=mm&r=g","caption":"tuto-comment.fr"},"sameAs":["http:\/\/tuto-comment.fr"],"url":"https:\/\/tuto-comment.fr\/index.php\/author\/tuto-comment-fr\/"}]}},"_links":{"self":[{"href":"https:\/\/tuto-comment.fr\/index.php\/wp-json\/wp\/v2\/posts\/493","targetHints":{"allow":["GET"]}}],"collection":[{"href":"https:\/\/tuto-comment.fr\/index.php\/wp-json\/wp\/v2\/posts"}],"about":[{"href":"https:\/\/tuto-comment.fr\/index.php\/wp-json\/wp\/v2\/types\/post"}],"author":[{"embeddable":true,"href":"https:\/\/tuto-comment.fr\/index.php\/wp-json\/wp\/v2\/users\/1"}],"replies":[{"embeddable":true,"href":"https:\/\/tuto-comment.fr\/index.php\/wp-json\/wp\/v2\/comments?post=493"}],"version-history":[{"count":0,"href":"https:\/\/tuto-comment.fr\/index.php\/wp-json\/wp\/v2\/posts\/493\/revisions"}],"wp:featuredmedia":[{"embeddable":true,"href":"https:\/\/tuto-comment.fr\/index.php\/wp-json\/wp\/v2\/media\/494"}],"wp:attachment":[{"href":"https:\/\/tuto-comment.fr\/index.php\/wp-json\/wp\/v2\/media?parent=493"}],"wp:term":[{"taxonomy":"category","embeddable":true,"href":"https:\/\/tuto-comment.fr\/index.php\/wp-json\/wp\/v2\/categories?post=493"},{"taxonomy":"post_tag","embeddable":true,"href":"https:\/\/tuto-comment.fr\/index.php\/wp-json\/wp\/v2\/tags?post=493"}],"curies":[{"name":"wp","href":"https:\/\/api.w.org\/{rel}","templated":true}]}}