{"id":490,"date":"2023-08-31T07:00:00","date_gmt":"2023-08-31T05:00:00","guid":{"rendered":"https:\/\/tuto-comment.fr\/?p=490"},"modified":"2023-08-31T07:00:00","modified_gmt":"2023-08-31T05:00:00","slug":"pourquoi-certaines-personnes-nont-pas-de-cheveux-blancs","status":"publish","type":"post","link":"https:\/\/tuto-comment.fr\/index.php\/2023\/08\/31\/pourquoi-certaines-personnes-nont-pas-de-cheveux-blancs\/","title":{"rendered":"Pourquoi certaines personnes n&#8217;ont pas de cheveux blancs ?"},"content":{"rendered":"\n<div id=\"ez-toc-container\" class=\"ez-toc-v2_0_82_2 counter-hierarchy ez-toc-counter ez-toc-grey ez-toc-container-direction\">\n<div class=\"ez-toc-title-container\">\n<p class=\"ez-toc-title\" style=\"cursor:inherit\">Table des mati\u00e8res<\/p>\n<span class=\"ez-toc-title-toggle\"><a href=\"#\" class=\"ez-toc-pull-right ez-toc-btn ez-toc-btn-xs ez-toc-btn-default ez-toc-toggle\" aria-label=\"Toggle Table of Content\"><span class=\"ez-toc-js-icon-con\"><span class=\"\"><span class=\"eztoc-hide\" style=\"display:none;\">Toggle<\/span><span class=\"ez-toc-icon-toggle-span\"><svg style=\"fill: #999;color:#999\" xmlns=\"http:\/\/www.w3.org\/2000\/svg\" class=\"list-377408\" width=\"20px\" height=\"20px\" viewBox=\"0 0 24 24\" fill=\"none\"><path d=\"M6 6H4v2h2V6zm14 0H8v2h12V6zM4 11h2v2H4v-2zm16 0H8v2h12v-2zM4 16h2v2H4v-2zm16 0H8v2h12v-2z\" fill=\"currentColor\"><\/path><\/svg><svg style=\"fill: #999;color:#999\" class=\"arrow-unsorted-368013\" xmlns=\"http:\/\/www.w3.org\/2000\/svg\" width=\"10px\" height=\"10px\" viewBox=\"0 0 24 24\" version=\"1.2\" baseProfile=\"tiny\"><path d=\"M18.2 9.3l-6.2-6.3-6.2 6.3c-.2.2-.3.4-.3.7s.1.5.3.7c.2.2.4.3.7.3h11c.3 0 .5-.1.7-.3.2-.2.3-.5.3-.7s-.1-.5-.3-.7zM5.8 14.7l6.2 6.3 6.2-6.3c.2-.2.3-.5.3-.7s-.1-.5-.3-.7c-.2-.2-.4-.3-.7-.3h-11c-.3 0-.5.1-.7.3-.2.2-.3.5-.3.7s.1.5.3.7z\"\/><\/svg><\/span><\/span><\/span><\/a><\/span><\/div>\n<nav><ul class='ez-toc-list ez-toc-list-level-1 ' ><li class='ez-toc-page-1 ez-toc-heading-level-1'><a class=\"ez-toc-link ez-toc-heading-1\" href=\"https:\/\/tuto-comment.fr\/index.php\/2023\/08\/31\/pourquoi-certaines-personnes-nont-pas-de-cheveux-blancs\/#Pourquoi_certaines_personnes_nont_pas_de_cheveux_blancs\" >Pourquoi certaines personnes n&#8217;ont pas de cheveux blancs ?<\/a><ul class='ez-toc-list-level-2' ><li class='ez-toc-heading-level-2'><a class=\"ez-toc-link ez-toc-heading-2\" href=\"https:\/\/tuto-comment.fr\/index.php\/2023\/08\/31\/pourquoi-certaines-personnes-nont-pas-de-cheveux-blancs\/#1_La_Genetique_Le_Facteur_Cle\" >1. La G\u00e9n\u00e9tique : Le Facteur Cl\u00e9<\/a><\/li><li class='ez-toc-page-1 ez-toc-heading-level-2'><a class=\"ez-toc-link ez-toc-heading-3\" href=\"https:\/\/tuto-comment.fr\/index.php\/2023\/08\/31\/pourquoi-certaines-personnes-nont-pas-de-cheveux-blancs\/#2_Les_Cellules_Souches_et_la_Production_de_Melanine\" >2. Les Cellules Souches et la Production de M\u00e9lanine<\/a><\/li><li class='ez-toc-page-1 ez-toc-heading-level-2'><a class=\"ez-toc-link ez-toc-heading-4\" href=\"https:\/\/tuto-comment.fr\/index.php\/2023\/08\/31\/pourquoi-certaines-personnes-nont-pas-de-cheveux-blancs\/#3_Facteurs_Hormonaux_et_Stress\" >3. Facteurs Hormonaux et Stress<\/a><\/li><li class='ez-toc-page-1 ez-toc-heading-level-2'><a class=\"ez-toc-link ez-toc-heading-5\" href=\"https:\/\/tuto-comment.fr\/index.php\/2023\/08\/31\/pourquoi-certaines-personnes-nont-pas-de-cheveux-blancs\/#4_Les_Antioxydants_et_la_Nutrition\" >4. Les Antioxydants et la Nutrition<\/a><\/li><li class='ez-toc-page-1 ez-toc-heading-level-2'><a class=\"ez-toc-link ez-toc-heading-6\" href=\"https:\/\/tuto-comment.fr\/index.php\/2023\/08\/31\/pourquoi-certaines-personnes-nont-pas-de-cheveux-blancs\/#5_LExposition_au_Soleil_et_lEnvironnement\" >5. L&#8217;Exposition au Soleil et l&#8217;Environnement<\/a><\/li><li class='ez-toc-page-1 ez-toc-heading-level-2'><a class=\"ez-toc-link ez-toc-heading-7\" href=\"https:\/\/tuto-comment.fr\/index.php\/2023\/08\/31\/pourquoi-certaines-personnes-nont-pas-de-cheveux-blancs\/#Conclusion\" >Conclusion<\/a><\/li><\/ul><\/li><\/ul><\/nav><\/div>\n<h1 class=\"wp-block-heading has-large-font-size\"><span class=\"ez-toc-section\" id=\"Pourquoi_certaines_personnes_nont_pas_de_cheveux_blancs\"><\/span><strong>Pourquoi certaines personnes n&#8217;ont pas de cheveux blancs ?<\/strong><span class=\"ez-toc-section-end\"><\/span><\/h1>\n\n\n\n<p>La couleur des cheveux a toujours \u00e9t\u00e9 un sujet fascinant et myst\u00e9rieux. Alors que la plupart d&#8217;entre nous connaissent les cheveux blancs comme un signe naturel du vieillissement, il y a des individus chanceux qui semblent \u00e9chapper \u00e0 cette transformation. Dans cet article, nous allons plonger dans les m\u00e9canismes de la pigmentation capillaire pour comprendre pourquoi certaines personnes ne montrent pas de cheveux blancs. De la g\u00e9n\u00e9tique aux facteurs environnementaux, d\u00e9couvrons les secrets derri\u00e8re ce ph\u00e9nom\u00e8ne \u00e9nigmatique.<\/p>\n\n\n\n<figure class=\"wp-block-image size-large is-resized\"><img  title=\"\" loading=\"lazy\" decoding=\"async\" src=\"https:\/\/tuto-comment.fr\/wp-content\/uploads\/2023\/08\/pexels-andrea-piacquadio-834863-1024x683.jpg\"  alt=\"pexels-andrea-piacquadio-834863-1024x683 Pourquoi certaines personnes n&#039;ont pas de cheveux blancs ?\"  class=\"wp-image-491\" width=\"361\" height=\"240\"\/><\/figure>\n\n\n\n<div style=\"height:100px\" aria-hidden=\"true\" class=\"wp-block-spacer\"><\/div>\n\n\n\n<h2 class=\"wp-block-heading has-large-font-size\"><span class=\"ez-toc-section\" id=\"1_La_Genetique_Le_Facteur_Cle\"><\/span><strong>1. La G\u00e9n\u00e9tique : Le Facteur Cl\u00e9<\/strong><span class=\"ez-toc-section-end\"><\/span><\/h2>\n\n\n\n<p>La g\u00e9n\u00e9tique joue un r\u00f4le central dans la d\u00e9termination de la couleur des cheveux et dans le processus de grisonnement. Les scientifiques ont identifi\u00e9 plusieurs g\u00e8nes qui r\u00e9gulent la production de m\u00e9lanine, le pigment responsable de la couleur des cheveux, de la peau et des yeux. Certaines personnes poss\u00e8dent des variations g\u00e9n\u00e9tiques sp\u00e9cifiques qui ralentissent le processus de grisonnement.<\/p>\n\n\n\n<h2 class=\"wp-block-heading has-large-font-size\"><span class=\"ez-toc-section\" id=\"2_Les_Cellules_Souches_et_la_Production_de_Melanine\"><\/span><strong>2. Les Cellules Souches et la Production de M\u00e9lanine<\/strong><span class=\"ez-toc-section-end\"><\/span><\/h2>\n\n\n\n<p>La production de m\u00e9lanine d\u00e9pend des cellules souches pr\u00e9sentes dans les follicules pileux. Ces cellules sont responsables de la r\u00e9g\u00e9n\u00e9ration des cheveux et de la production de pigments. Les individus qui maintiennent des niveaux \u00e9lev\u00e9s de cellules souches actives dans leurs follicules pileux sont moins susceptibles de d\u00e9velopper des cheveux blancs pr\u00e9coces.<\/p>\n\n\n\n<h2 class=\"wp-block-heading has-large-font-size\"><span class=\"ez-toc-section\" id=\"3_Facteurs_Hormonaux_et_Stress\"><\/span><strong>3. Facteurs Hormonaux et Stress<\/strong><span class=\"ez-toc-section-end\"><\/span><\/h2>\n\n\n\n<p>Les facteurs hormonaux et le stress peuvent \u00e9galement jouer un r\u00f4le crucial dans la pr\u00e9servation de la couleur des cheveux. Des niveaux de stress \u00e9lev\u00e9s peuvent perturber la production de m\u00e9lanine, conduisant potentiellement \u00e0 un grisonnement pr\u00e9matur\u00e9. De plus, les changements hormonaux li\u00e9s \u00e0 des conditions m\u00e9dicales sp\u00e9cifiques peuvent influencer la pigmentation capillaire.<\/p>\n\n\n\n<h2 class=\"wp-block-heading has-large-font-size\"><span class=\"ez-toc-section\" id=\"4_Les_Antioxydants_et_la_Nutrition\"><\/span><strong>4. Les Antioxydants et la Nutrition<\/strong><span class=\"ez-toc-section-end\"><\/span><\/h2>\n\n\n\n<p>Une alimentation riche en antioxydants, tels que les vitamines A, C et E, ainsi que des min\u00e9raux comme le cuivre et le zinc, peut aider \u00e0 prot\u00e9ger les cellules responsables de la production de m\u00e9lanine. Ces nutriments jouent un r\u00f4le essentiel dans la pr\u00e9vention du stress oxydatif, qui peut acc\u00e9l\u00e9rer le grisonnement.<\/p>\n\n\n\n<h2 class=\"wp-block-heading has-large-font-size\"><span class=\"ez-toc-section\" id=\"5_LExposition_au_Soleil_et_lEnvironnement\"><\/span><strong>5. L&#8217;Exposition au Soleil et l&#8217;Environnement<\/strong><span class=\"ez-toc-section-end\"><\/span><\/h2>\n\n\n\n<p>L&#8217;exposition excessive au soleil peut endommager les follicules pileux et alt\u00e9rer la production de m\u00e9lanine. Les personnes vivant dans des environnements avec une forte exposition aux rayons ultraviolets peuvent donc pr\u00e9senter un grisonnement plus pr\u00e9coce. \u00c0 l&#8217;inverse, ceux qui \u00e9vitent l&#8217;exposition excessive au soleil peuvent maintenir une meilleure pigmentation capillaire.<\/p>\n\n\n\n<div style=\"height:100px\" aria-hidden=\"true\" class=\"wp-block-spacer\"><\/div>\n\n\n\n<h2 class=\"wp-block-heading has-large-font-size\"><span class=\"ez-toc-section\" id=\"Conclusion\"><\/span><strong>Conclusion<\/strong><span class=\"ez-toc-section-end\"><\/span><\/h2>\n\n\n\n<p>La couleur des cheveux et le processus de grisonnement sont influenc\u00e9s par une combinaison complexe de facteurs g\u00e9n\u00e9tiques, hormonaux, environnementaux et nutritionnels. Certaines personnes ont la chance de ne pas montrer de cheveux blancs en raison de leur patrimoine g\u00e9n\u00e9tique favorable, de niveaux de stress g\u00e9r\u00e9s et d&#8217;une alimentation \u00e9quilibr\u00e9e. Bien que nous ne puissions pas lutter contre le vieillissement, comprendre ces m\u00e9canismes nous aide \u00e0 mieux appr\u00e9cier la diversit\u00e9 et la beaut\u00e9 de la pigmentation capillaire.<\/p>\n\n\n\n<p>En fin de compte, le processus de grisonnement ajoute \u00e0 notre histoire personnelle et \u00e0 notre sagesse accumul\u00e9e au fil des ann\u00e9es. Qu&#8217;il soit pr\u00e9coce ou tardif, il t\u00e9moigne des exp\u00e9riences uniques que nous traversons tout au long de notre vie.<\/p>\n","protected":false},"excerpt":{"rendered":"<p>D\u00e9couvrez pourquoi certaines personnes semblent \u00e9chapper aux cheveux blancs : comprenez les secrets derri\u00e8re ce ph\u00e9nom\u00e8ne !<\/p>\n","protected":false},"author":1,"featured_media":491,"comment_status":"open","ping_status":"open","sticky":false,"template":"","format":"standard","meta":{"_glsr_average":0,"_glsr_ranking":0,"_glsr_reviews":0,"footnotes":""},"categories":[8],"tags":[],"class_list":["post-490","post","type-post","status-publish","format-standard","has-post-thumbnail","hentry","category-sante"],"yoast_head":"<!-- This site is optimized with the Yoast SEO plugin v26.8 - https:\/\/yoast.com\/product\/yoast-seo-wordpress\/ -->\n<title>Pourquoi certaines personnes n&#039;ont pas de cheveux blancs ?<\/title>\n<meta name=\"description\" content=\"D\u00e9couvrez pourquoi certaines personnes semblent \u00e9chapper aux cheveux blancs : comprenez les secrets derri\u00e8re ce ph\u00e9nom\u00e8ne !\" \/>\n<meta name=\"robots\" content=\"index, follow, max-snippet:-1, max-image-preview:large, max-video-preview:-1\" \/>\n<link rel=\"canonical\" href=\"https:\/\/tuto-comment.fr\/index.php\/2023\/08\/31\/pourquoi-certaines-personnes-nont-pas-de-cheveux-blancs\/\" \/>\n<meta property=\"og:locale\" content=\"en_US\" \/>\n<meta property=\"og:type\" content=\"article\" \/>\n<meta property=\"og:title\" content=\"Pourquoi certaines personnes n&#039;ont pas de cheveux blancs ?\" \/>\n<meta property=\"og:description\" content=\"D\u00e9couvrez pourquoi certaines personnes semblent \u00e9chapper aux cheveux blancs : comprenez les secrets derri\u00e8re ce ph\u00e9nom\u00e8ne !\" \/>\n<meta property=\"og:url\" content=\"https:\/\/tuto-comment.fr\/index.php\/2023\/08\/31\/pourquoi-certaines-personnes-nont-pas-de-cheveux-blancs\/\" \/>\n<meta property=\"og:site_name\" content=\"TutoComment\" \/>\n<meta property=\"article:published_time\" content=\"2023-08-31T05:00:00+00:00\" \/>\n<meta property=\"og:image\" content=\"http:\/\/tuto-comment.fr\/wp-content\/uploads\/2023\/08\/pexels-andrea-piacquadio-834863-scaled-1.jpg\" \/>\n\t<meta property=\"og:image:width\" content=\"2560\" \/>\n\t<meta property=\"og:image:height\" content=\"1706\" \/>\n\t<meta property=\"og:image:type\" content=\"image\/jpeg\" \/>\n<meta name=\"author\" content=\"tuto-comment.fr\" \/>\n<meta name=\"twitter:card\" content=\"summary_large_image\" \/>\n<meta name=\"twitter:label1\" content=\"Written by\" \/>\n\t<meta name=\"twitter:data1\" content=\"tuto-comment.fr\" \/>\n\t<meta name=\"twitter:label2\" content=\"Est. reading time\" \/>\n\t<meta name=\"twitter:data2\" content=\"3 minutes\" \/>\n<script type=\"application\/ld+json\" class=\"yoast-schema-graph\">{\"@context\":\"https:\/\/schema.org\",\"@graph\":[{\"@type\":\"Article\",\"@id\":\"https:\/\/tuto-comment.fr\/index.php\/2023\/08\/31\/pourquoi-certaines-personnes-nont-pas-de-cheveux-blancs\/#article\",\"isPartOf\":{\"@id\":\"https:\/\/tuto-comment.fr\/index.php\/2023\/08\/31\/pourquoi-certaines-personnes-nont-pas-de-cheveux-blancs\/\"},\"author\":{\"name\":\"tuto-comment.fr\",\"@id\":\"https:\/\/tuto-comment.fr\/#\/schema\/person\/1e7b057c231167a8ccaf57d03a17ff2a\"},\"headline\":\"Pourquoi certaines personnes n&#8217;ont pas de cheveux blancs ?\",\"datePublished\":\"2023-08-31T05:00:00+00:00\",\"mainEntityOfPage\":{\"@id\":\"https:\/\/tuto-comment.fr\/index.php\/2023\/08\/31\/pourquoi-certaines-personnes-nont-pas-de-cheveux-blancs\/\"},\"wordCount\":572,\"commentCount\":0,\"publisher\":{\"@id\":\"https:\/\/tuto-comment.fr\/#organization\"},\"image\":{\"@id\":\"https:\/\/tuto-comment.fr\/index.php\/2023\/08\/31\/pourquoi-certaines-personnes-nont-pas-de-cheveux-blancs\/#primaryimage\"},\"thumbnailUrl\":\"https:\/\/tuto-comment.fr\/wp-content\/uploads\/2023\/08\/pexels-andrea-piacquadio-834863-scaled-1.jpg\",\"articleSection\":[\"Sant\u00e9\"],\"inLanguage\":\"en-US\",\"potentialAction\":[{\"@type\":\"CommentAction\",\"name\":\"Comment\",\"target\":[\"https:\/\/tuto-comment.fr\/index.php\/2023\/08\/31\/pourquoi-certaines-personnes-nont-pas-de-cheveux-blancs\/#respond\"]}]},{\"@type\":\"WebPage\",\"@id\":\"https:\/\/tuto-comment.fr\/index.php\/2023\/08\/31\/pourquoi-certaines-personnes-nont-pas-de-cheveux-blancs\/\",\"url\":\"https:\/\/tuto-comment.fr\/index.php\/2023\/08\/31\/pourquoi-certaines-personnes-nont-pas-de-cheveux-blancs\/\",\"name\":\"Pourquoi certaines personnes n'ont pas de cheveux blancs ?\",\"isPartOf\":{\"@id\":\"https:\/\/tuto-comment.fr\/#website\"},\"primaryImageOfPage\":{\"@id\":\"https:\/\/tuto-comment.fr\/index.php\/2023\/08\/31\/pourquoi-certaines-personnes-nont-pas-de-cheveux-blancs\/#primaryimage\"},\"image\":{\"@id\":\"https:\/\/tuto-comment.fr\/index.php\/2023\/08\/31\/pourquoi-certaines-personnes-nont-pas-de-cheveux-blancs\/#primaryimage\"},\"thumbnailUrl\":\"https:\/\/tuto-comment.fr\/wp-content\/uploads\/2023\/08\/pexels-andrea-piacquadio-834863-scaled-1.jpg\",\"datePublished\":\"2023-08-31T05:00:00+00:00\",\"description\":\"D\u00e9couvrez pourquoi certaines personnes semblent \u00e9chapper aux cheveux blancs : comprenez les secrets derri\u00e8re ce ph\u00e9nom\u00e8ne !\",\"breadcrumb\":{\"@id\":\"https:\/\/tuto-comment.fr\/index.php\/2023\/08\/31\/pourquoi-certaines-personnes-nont-pas-de-cheveux-blancs\/#breadcrumb\"},\"inLanguage\":\"en-US\",\"potentialAction\":[{\"@type\":\"ReadAction\",\"target\":[\"https:\/\/tuto-comment.fr\/index.php\/2023\/08\/31\/pourquoi-certaines-personnes-nont-pas-de-cheveux-blancs\/\"]}]},{\"@type\":\"ImageObject\",\"inLanguage\":\"en-US\",\"@id\":\"https:\/\/tuto-comment.fr\/index.php\/2023\/08\/31\/pourquoi-certaines-personnes-nont-pas-de-cheveux-blancs\/#primaryimage\",\"url\":\"https:\/\/tuto-comment.fr\/wp-content\/uploads\/2023\/08\/pexels-andrea-piacquadio-834863-scaled-1.jpg\",\"contentUrl\":\"https:\/\/tuto-comment.fr\/wp-content\/uploads\/2023\/08\/pexels-andrea-piacquadio-834863-scaled-1.jpg\",\"width\":2560,\"height\":1706},{\"@type\":\"BreadcrumbList\",\"@id\":\"https:\/\/tuto-comment.fr\/index.php\/2023\/08\/31\/pourquoi-certaines-personnes-nont-pas-de-cheveux-blancs\/#breadcrumb\",\"itemListElement\":[{\"@type\":\"ListItem\",\"position\":1,\"name\":\"Accueil\",\"item\":\"https:\/\/tuto-comment.fr\/\"},{\"@type\":\"ListItem\",\"position\":2,\"name\":\"Pourquoi certaines personnes n&rsquo;ont pas de cheveux blancs ?\"}]},{\"@type\":\"WebSite\",\"@id\":\"https:\/\/tuto-comment.fr\/#website\",\"url\":\"https:\/\/tuto-comment.fr\/\",\"name\":\"TutoComment\",\"description\":\"Trouvez enfin r\u00e9ponse \u00e0 toutes vos questions !\",\"publisher\":{\"@id\":\"https:\/\/tuto-comment.fr\/#organization\"},\"potentialAction\":[{\"@type\":\"SearchAction\",\"target\":{\"@type\":\"EntryPoint\",\"urlTemplate\":\"https:\/\/tuto-comment.fr\/?s={search_term_string}\"},\"query-input\":{\"@type\":\"PropertyValueSpecification\",\"valueRequired\":true,\"valueName\":\"search_term_string\"}}],\"inLanguage\":\"en-US\"},{\"@type\":\"Organization\",\"@id\":\"https:\/\/tuto-comment.fr\/#organization\",\"name\":\"TutoComment\",\"url\":\"https:\/\/tuto-comment.fr\/\",\"logo\":{\"@type\":\"ImageObject\",\"inLanguage\":\"en-US\",\"@id\":\"https:\/\/tuto-comment.fr\/#\/schema\/logo\/image\/\",\"url\":\"https:\/\/tuto-comment.fr\/wp-content\/uploads\/2024\/01\/cropped-cropped-Design-sans-titre1-fotor-20230711192851.png\",\"contentUrl\":\"https:\/\/tuto-comment.fr\/wp-content\/uploads\/2024\/01\/cropped-cropped-Design-sans-titre1-fotor-20230711192851.png\",\"width\":512,\"height\":512,\"caption\":\"TutoComment\"},\"image\":{\"@id\":\"https:\/\/tuto-comment.fr\/#\/schema\/logo\/image\/\"}},{\"@type\":\"Person\",\"@id\":\"https:\/\/tuto-comment.fr\/#\/schema\/person\/1e7b057c231167a8ccaf57d03a17ff2a\",\"name\":\"tuto-comment.fr\",\"image\":{\"@type\":\"ImageObject\",\"inLanguage\":\"en-US\",\"@id\":\"https:\/\/tuto-comment.fr\/#\/schema\/person\/image\/\",\"url\":\"https:\/\/secure.gravatar.com\/avatar\/e071c928d43fd70423265539115cd13e?s=96&d=mm&r=g\",\"contentUrl\":\"https:\/\/secure.gravatar.com\/avatar\/e071c928d43fd70423265539115cd13e?s=96&d=mm&r=g\",\"caption\":\"tuto-comment.fr\"},\"sameAs\":[\"http:\/\/tuto-comment.fr\"],\"url\":\"https:\/\/tuto-comment.fr\/index.php\/author\/tuto-comment-fr\/\"}]}<\/script>\n<!-- \/ Yoast SEO plugin. -->","yoast_head_json":{"title":"Pourquoi certaines personnes n'ont pas de cheveux blancs ?","description":"D\u00e9couvrez pourquoi certaines personnes semblent \u00e9chapper aux cheveux blancs : comprenez les secrets derri\u00e8re ce ph\u00e9nom\u00e8ne !","robots":{"index":"index","follow":"follow","max-snippet":"max-snippet:-1","max-image-preview":"max-image-preview:large","max-video-preview":"max-video-preview:-1"},"canonical":"https:\/\/tuto-comment.fr\/index.php\/2023\/08\/31\/pourquoi-certaines-personnes-nont-pas-de-cheveux-blancs\/","og_locale":"en_US","og_type":"article","og_title":"Pourquoi certaines personnes n'ont pas de cheveux blancs ?","og_description":"D\u00e9couvrez pourquoi certaines personnes semblent \u00e9chapper aux cheveux blancs : comprenez les secrets derri\u00e8re ce ph\u00e9nom\u00e8ne !","og_url":"https:\/\/tuto-comment.fr\/index.php\/2023\/08\/31\/pourquoi-certaines-personnes-nont-pas-de-cheveux-blancs\/","og_site_name":"TutoComment","article_published_time":"2023-08-31T05:00:00+00:00","og_image":[{"width":2560,"height":1706,"url":"http:\/\/tuto-comment.fr\/wp-content\/uploads\/2023\/08\/pexels-andrea-piacquadio-834863-scaled-1.jpg","type":"image\/jpeg"}],"author":"tuto-comment.fr","twitter_card":"summary_large_image","twitter_misc":{"Written by":"tuto-comment.fr","Est. reading time":"3 minutes"},"schema":{"@context":"https:\/\/schema.org","@graph":[{"@type":"Article","@id":"https:\/\/tuto-comment.fr\/index.php\/2023\/08\/31\/pourquoi-certaines-personnes-nont-pas-de-cheveux-blancs\/#article","isPartOf":{"@id":"https:\/\/tuto-comment.fr\/index.php\/2023\/08\/31\/pourquoi-certaines-personnes-nont-pas-de-cheveux-blancs\/"},"author":{"name":"tuto-comment.fr","@id":"https:\/\/tuto-comment.fr\/#\/schema\/person\/1e7b057c231167a8ccaf57d03a17ff2a"},"headline":"Pourquoi certaines personnes n&#8217;ont pas de cheveux blancs ?","datePublished":"2023-08-31T05:00:00+00:00","mainEntityOfPage":{"@id":"https:\/\/tuto-comment.fr\/index.php\/2023\/08\/31\/pourquoi-certaines-personnes-nont-pas-de-cheveux-blancs\/"},"wordCount":572,"commentCount":0,"publisher":{"@id":"https:\/\/tuto-comment.fr\/#organization"},"image":{"@id":"https:\/\/tuto-comment.fr\/index.php\/2023\/08\/31\/pourquoi-certaines-personnes-nont-pas-de-cheveux-blancs\/#primaryimage"},"thumbnailUrl":"https:\/\/tuto-comment.fr\/wp-content\/uploads\/2023\/08\/pexels-andrea-piacquadio-834863-scaled-1.jpg","articleSection":["Sant\u00e9"],"inLanguage":"en-US","potentialAction":[{"@type":"CommentAction","name":"Comment","target":["https:\/\/tuto-comment.fr\/index.php\/2023\/08\/31\/pourquoi-certaines-personnes-nont-pas-de-cheveux-blancs\/#respond"]}]},{"@type":"WebPage","@id":"https:\/\/tuto-comment.fr\/index.php\/2023\/08\/31\/pourquoi-certaines-personnes-nont-pas-de-cheveux-blancs\/","url":"https:\/\/tuto-comment.fr\/index.php\/2023\/08\/31\/pourquoi-certaines-personnes-nont-pas-de-cheveux-blancs\/","name":"Pourquoi certaines personnes n'ont pas de cheveux blancs ?","isPartOf":{"@id":"https:\/\/tuto-comment.fr\/#website"},"primaryImageOfPage":{"@id":"https:\/\/tuto-comment.fr\/index.php\/2023\/08\/31\/pourquoi-certaines-personnes-nont-pas-de-cheveux-blancs\/#primaryimage"},"image":{"@id":"https:\/\/tuto-comment.fr\/index.php\/2023\/08\/31\/pourquoi-certaines-personnes-nont-pas-de-cheveux-blancs\/#primaryimage"},"thumbnailUrl":"https:\/\/tuto-comment.fr\/wp-content\/uploads\/2023\/08\/pexels-andrea-piacquadio-834863-scaled-1.jpg","datePublished":"2023-08-31T05:00:00+00:00","description":"D\u00e9couvrez pourquoi certaines personnes semblent \u00e9chapper aux cheveux blancs : comprenez les secrets derri\u00e8re ce ph\u00e9nom\u00e8ne !","breadcrumb":{"@id":"https:\/\/tuto-comment.fr\/index.php\/2023\/08\/31\/pourquoi-certaines-personnes-nont-pas-de-cheveux-blancs\/#breadcrumb"},"inLanguage":"en-US","potentialAction":[{"@type":"ReadAction","target":["https:\/\/tuto-comment.fr\/index.php\/2023\/08\/31\/pourquoi-certaines-personnes-nont-pas-de-cheveux-blancs\/"]}]},{"@type":"ImageObject","inLanguage":"en-US","@id":"https:\/\/tuto-comment.fr\/index.php\/2023\/08\/31\/pourquoi-certaines-personnes-nont-pas-de-cheveux-blancs\/#primaryimage","url":"https:\/\/tuto-comment.fr\/wp-content\/uploads\/2023\/08\/pexels-andrea-piacquadio-834863-scaled-1.jpg","contentUrl":"https:\/\/tuto-comment.fr\/wp-content\/uploads\/2023\/08\/pexels-andrea-piacquadio-834863-scaled-1.jpg","width":2560,"height":1706},{"@type":"BreadcrumbList","@id":"https:\/\/tuto-comment.fr\/index.php\/2023\/08\/31\/pourquoi-certaines-personnes-nont-pas-de-cheveux-blancs\/#breadcrumb","itemListElement":[{"@type":"ListItem","position":1,"name":"Accueil","item":"https:\/\/tuto-comment.fr\/"},{"@type":"ListItem","position":2,"name":"Pourquoi certaines personnes n&rsquo;ont pas de cheveux blancs ?"}]},{"@type":"WebSite","@id":"https:\/\/tuto-comment.fr\/#website","url":"https:\/\/tuto-comment.fr\/","name":"TutoComment","description":"Trouvez enfin r\u00e9ponse \u00e0 toutes vos questions !","publisher":{"@id":"https:\/\/tuto-comment.fr\/#organization"},"potentialAction":[{"@type":"SearchAction","target":{"@type":"EntryPoint","urlTemplate":"https:\/\/tuto-comment.fr\/?s={search_term_string}"},"query-input":{"@type":"PropertyValueSpecification","valueRequired":true,"valueName":"search_term_string"}}],"inLanguage":"en-US"},{"@type":"Organization","@id":"https:\/\/tuto-comment.fr\/#organization","name":"TutoComment","url":"https:\/\/tuto-comment.fr\/","logo":{"@type":"ImageObject","inLanguage":"en-US","@id":"https:\/\/tuto-comment.fr\/#\/schema\/logo\/image\/","url":"https:\/\/tuto-comment.fr\/wp-content\/uploads\/2024\/01\/cropped-cropped-Design-sans-titre1-fotor-20230711192851.png","contentUrl":"https:\/\/tuto-comment.fr\/wp-content\/uploads\/2024\/01\/cropped-cropped-Design-sans-titre1-fotor-20230711192851.png","width":512,"height":512,"caption":"TutoComment"},"image":{"@id":"https:\/\/tuto-comment.fr\/#\/schema\/logo\/image\/"}},{"@type":"Person","@id":"https:\/\/tuto-comment.fr\/#\/schema\/person\/1e7b057c231167a8ccaf57d03a17ff2a","name":"tuto-comment.fr","image":{"@type":"ImageObject","inLanguage":"en-US","@id":"https:\/\/tuto-comment.fr\/#\/schema\/person\/image\/","url":"https:\/\/secure.gravatar.com\/avatar\/e071c928d43fd70423265539115cd13e?s=96&d=mm&r=g","contentUrl":"https:\/\/secure.gravatar.com\/avatar\/e071c928d43fd70423265539115cd13e?s=96&d=mm&r=g","caption":"tuto-comment.fr"},"sameAs":["http:\/\/tuto-comment.fr"],"url":"https:\/\/tuto-comment.fr\/index.php\/author\/tuto-comment-fr\/"}]}},"_links":{"self":[{"href":"https:\/\/tuto-comment.fr\/index.php\/wp-json\/wp\/v2\/posts\/490","targetHints":{"allow":["GET"]}}],"collection":[{"href":"https:\/\/tuto-comment.fr\/index.php\/wp-json\/wp\/v2\/posts"}],"about":[{"href":"https:\/\/tuto-comment.fr\/index.php\/wp-json\/wp\/v2\/types\/post"}],"author":[{"embeddable":true,"href":"https:\/\/tuto-comment.fr\/index.php\/wp-json\/wp\/v2\/users\/1"}],"replies":[{"embeddable":true,"href":"https:\/\/tuto-comment.fr\/index.php\/wp-json\/wp\/v2\/comments?post=490"}],"version-history":[{"count":0,"href":"https:\/\/tuto-comment.fr\/index.php\/wp-json\/wp\/v2\/posts\/490\/revisions"}],"wp:featuredmedia":[{"embeddable":true,"href":"https:\/\/tuto-comment.fr\/index.php\/wp-json\/wp\/v2\/media\/491"}],"wp:attachment":[{"href":"https:\/\/tuto-comment.fr\/index.php\/wp-json\/wp\/v2\/media?parent=490"}],"wp:term":[{"taxonomy":"category","embeddable":true,"href":"https:\/\/tuto-comment.fr\/index.php\/wp-json\/wp\/v2\/categories?post=490"},{"taxonomy":"post_tag","embeddable":true,"href":"https:\/\/tuto-comment.fr\/index.php\/wp-json\/wp\/v2\/tags?post=490"}],"curies":[{"name":"wp","href":"https:\/\/api.w.org\/{rel}","templated":true}]}}