{"id":484,"date":"2023-08-30T16:00:00","date_gmt":"2023-08-30T14:00:00","guid":{"rendered":"https:\/\/tuto-comment.fr\/?p=484"},"modified":"2023-08-30T16:00:00","modified_gmt":"2023-08-30T14:00:00","slug":"pourquoi-certaines-personnes-ont-besoin-de-se-vanter","status":"publish","type":"post","link":"https:\/\/tuto-comment.fr\/index.php\/2023\/08\/30\/pourquoi-certaines-personnes-ont-besoin-de-se-vanter\/","title":{"rendered":"Pourquoi certaines personnes ont besoin de se vanter ?"},"content":{"rendered":"\n<div id=\"ez-toc-container\" class=\"ez-toc-v2_0_82_2 counter-hierarchy ez-toc-counter ez-toc-grey ez-toc-container-direction\">\n<div class=\"ez-toc-title-container\">\n<p class=\"ez-toc-title\" style=\"cursor:inherit\">Table des mati\u00e8res<\/p>\n<span class=\"ez-toc-title-toggle\"><a href=\"#\" class=\"ez-toc-pull-right ez-toc-btn ez-toc-btn-xs ez-toc-btn-default ez-toc-toggle\" aria-label=\"Toggle Table of Content\"><span class=\"ez-toc-js-icon-con\"><span class=\"\"><span class=\"eztoc-hide\" style=\"display:none;\">Toggle<\/span><span class=\"ez-toc-icon-toggle-span\"><svg style=\"fill: #999;color:#999\" xmlns=\"http:\/\/www.w3.org\/2000\/svg\" class=\"list-377408\" width=\"20px\" height=\"20px\" viewBox=\"0 0 24 24\" fill=\"none\"><path d=\"M6 6H4v2h2V6zm14 0H8v2h12V6zM4 11h2v2H4v-2zm16 0H8v2h12v-2zM4 16h2v2H4v-2zm16 0H8v2h12v-2z\" fill=\"currentColor\"><\/path><\/svg><svg style=\"fill: #999;color:#999\" class=\"arrow-unsorted-368013\" xmlns=\"http:\/\/www.w3.org\/2000\/svg\" width=\"10px\" height=\"10px\" viewBox=\"0 0 24 24\" version=\"1.2\" baseProfile=\"tiny\"><path d=\"M18.2 9.3l-6.2-6.3-6.2 6.3c-.2.2-.3.4-.3.7s.1.5.3.7c.2.2.4.3.7.3h11c.3 0 .5-.1.7-.3.2-.2.3-.5.3-.7s-.1-.5-.3-.7zM5.8 14.7l6.2 6.3 6.2-6.3c.2-.2.3-.5.3-.7s-.1-.5-.3-.7c-.2-.2-.4-.3-.7-.3h-11c-.3 0-.5.1-.7.3-.2.2-.3.5-.3.7s.1.5.3.7z\"\/><\/svg><\/span><\/span><\/span><\/a><\/span><\/div>\n<nav><ul class='ez-toc-list ez-toc-list-level-1 ' ><li class='ez-toc-page-1 ez-toc-heading-level-1'><a class=\"ez-toc-link ez-toc-heading-1\" href=\"https:\/\/tuto-comment.fr\/index.php\/2023\/08\/30\/pourquoi-certaines-personnes-ont-besoin-de-se-vanter\/#Pourquoi_certaines_personnes_ont_besoin_de_se_vanter\" >Pourquoi certaines personnes ont besoin de se vanter ?<\/a><ul class='ez-toc-list-level-2' ><li class='ez-toc-heading-level-2'><a class=\"ez-toc-link ez-toc-heading-2\" href=\"https:\/\/tuto-comment.fr\/index.php\/2023\/08\/30\/pourquoi-certaines-personnes-ont-besoin-de-se-vanter\/#La_Recherche_dEstime_de_Soi\" >La Recherche d&#8217;Estime de Soi<\/a><\/li><li class='ez-toc-page-1 ez-toc-heading-level-2'><a class=\"ez-toc-link ez-toc-heading-3\" href=\"https:\/\/tuto-comment.fr\/index.php\/2023\/08\/30\/pourquoi-certaines-personnes-ont-besoin-de-se-vanter\/#Le_Desir_dEtre_Admire\" >Le D\u00e9sir d&#8217;\u00catre Admir\u00e9<\/a><\/li><li class='ez-toc-page-1 ez-toc-heading-level-2'><a class=\"ez-toc-link ez-toc-heading-4\" href=\"https:\/\/tuto-comment.fr\/index.php\/2023\/08\/30\/pourquoi-certaines-personnes-ont-besoin-de-se-vanter\/#La_Competition_Sociale\" >La Comp\u00e9tition Sociale<\/a><\/li><li class='ez-toc-page-1 ez-toc-heading-level-2'><a class=\"ez-toc-link ez-toc-heading-5\" href=\"https:\/\/tuto-comment.fr\/index.php\/2023\/08\/30\/pourquoi-certaines-personnes-ont-besoin-de-se-vanter\/#Le_Besoin_dAppartenance_et_dAttention\" >Le Besoin d&#8217;Appartenance et d&#8217;Attention<\/a><\/li><li class='ez-toc-page-1 ez-toc-heading-level-2'><a class=\"ez-toc-link ez-toc-heading-6\" href=\"https:\/\/tuto-comment.fr\/index.php\/2023\/08\/30\/pourquoi-certaines-personnes-ont-besoin-de-se-vanter\/#LInfluence_des_Reseaux_Sociaux\" >L&#8217;Influence des R\u00e9seaux Sociaux<\/a><\/li><li class='ez-toc-page-1 ez-toc-heading-level-2'><a class=\"ez-toc-link ez-toc-heading-7\" href=\"https:\/\/tuto-comment.fr\/index.php\/2023\/08\/30\/pourquoi-certaines-personnes-ont-besoin-de-se-vanter\/#Conclusion\" >Conclusion<\/a><\/li><\/ul><\/li><\/ul><\/nav><\/div>\n<h1 class=\"wp-block-heading has-large-font-size\"><span class=\"ez-toc-section\" id=\"Pourquoi_certaines_personnes_ont_besoin_de_se_vanter\"><\/span><strong>Pourquoi certaines personnes ont besoin de se vanter ?<\/strong><span class=\"ez-toc-section-end\"><\/span><\/h1>\n\n\n\n<p>Le ph\u00e9nom\u00e8ne de la vantardise est quelque chose que nous avons tous rencontr\u00e9 \u00e0 un moment ou \u00e0 un autre dans nos vies. Certaines personnes semblent avoir un besoin presque irr\u00e9pressible de se vanter, que ce soit de leurs r\u00e9alisations, de leur apparence physique ou m\u00eame de leurs possessions mat\u00e9rielles. Mais qu&#8217;est-ce qui pousse r\u00e9ellement ces individus \u00e0 agir ainsi ? Dans cet article, nous allons explorer les motivations psychologiques sous-jacentes qui conduisent certaines personnes \u00e0 se vanter et essayer de comprendre ce ph\u00e9nom\u00e8ne complexe.<\/p>\n\n\n\n<figure class=\"wp-block-image size-large is-resized\"><img  title=\"\" loading=\"lazy\" decoding=\"async\" src=\"https:\/\/tuto-comment.fr\/wp-content\/uploads\/2023\/08\/pexels-clement-percheron-4827381-683x1024.jpg\"  alt=\"pexels-clement-percheron-4827381-683x1024 Pourquoi certaines personnes ont besoin de se vanter ?\"  class=\"wp-image-485\" width=\"243\" height=\"365\"\/><\/figure>\n\n\n\n<div style=\"height:100px\" aria-hidden=\"true\" class=\"wp-block-spacer\"><\/div>\n\n\n\n<h2 class=\"wp-block-heading has-large-font-size\"><span class=\"ez-toc-section\" id=\"La_Recherche_dEstime_de_Soi\"><\/span><strong>La Recherche d&#8217;Estime de Soi<\/strong><span class=\"ez-toc-section-end\"><\/span><\/h2>\n\n\n\n<p>L&#8217;une des raisons les plus courantes pour lesquelles les gens se vantent est la recherche d&#8217;estime de soi. Lorsque quelqu&#8217;un \u00e9prouve des incertitudes ou des ins\u00e9curit\u00e9s quant \u00e0 sa propre valeur ou \u00e0 ses comp\u00e9tences, il peut essayer de compenser en se vantant de ses r\u00e9alisations. En obtenant des \u00e9loges et des r\u00e9actions positives de la part des autres, ils peuvent temporairement combler le vide int\u00e9rieur cr\u00e9\u00e9 par un manque d&#8217;estime de soi. Leur vantardise peut \u00eatre une tentative de se convaincre eux-m\u00eames, autant que les autres, de leur propre valeur.<\/p>\n\n\n\n<h2 class=\"wp-block-heading has-large-font-size\"><span class=\"ez-toc-section\" id=\"Le_Desir_dEtre_Admire\"><\/span><strong>Le D\u00e9sir d&#8217;\u00catre Admir\u00e9<\/strong><span class=\"ez-toc-section-end\"><\/span><\/h2>\n\n\n\n<p>Le d\u00e9sir d&#8217;\u00eatre admir\u00e9 est \u00e9galement une motivation puissante derri\u00e8re la vantardise. Les individus peuvent se vanter pour susciter l&#8217;admiration des autres et se sentir importants et valoris\u00e9s. Ce besoin peut d\u00e9couler d&#8217;une qu\u00eate de validation externe, o\u00f9 leur propre sentiment de valeur d\u00e9pend largement de la reconnaissance et de l&#8217;admiration des autres. Ils consid\u00e8rent les compliments et l&#8217;attention comme une preuve de leur importance et de leur succ\u00e8s.<\/p>\n\n\n\n<h2 class=\"wp-block-heading has-large-font-size\"><span class=\"ez-toc-section\" id=\"La_Competition_Sociale\"><\/span><strong>La Comp\u00e9tition Sociale<\/strong><span class=\"ez-toc-section-end\"><\/span><\/h2>\n\n\n\n<p>La soci\u00e9t\u00e9 moderne encourage souvent la comp\u00e9tition, que ce soit dans les domaines professionnels, sociaux ou personnels. La vantardise peut \u00eatre utilis\u00e9e comme un moyen de se positionner au-dessus des autres dans cette comp\u00e9tition. En mettant en avant leurs r\u00e9alisations et en exag\u00e9rant leurs succ\u00e8s, les individus peuvent tenter de se d\u00e9marquer et de gagner un avantage dans la course \u00e0 la reconnaissance. Cette dynamique de comp\u00e9tition peut \u00eatre particuli\u00e8rement exacerb\u00e9e dans les environnements o\u00f9 la r\u00e9ussite est fortement valoris\u00e9e.<\/p>\n\n\n\n<h2 class=\"wp-block-heading has-large-font-size\"><span class=\"ez-toc-section\" id=\"Le_Besoin_dAppartenance_et_dAttention\"><\/span><strong>Le Besoin d&#8217;Appartenance et d&#8217;Attention<\/strong><span class=\"ez-toc-section-end\"><\/span><\/h2>\n\n\n\n<p>L&#8217;instinct humain fondamental de se sentir connect\u00e9 et accept\u00e9 par les autres peut \u00e9galement contribuer \u00e0 la vantardise. Certains individus se vantent pour attirer l&#8217;attention sur eux-m\u00eames, dans l&#8217;espoir de cr\u00e9er des connexions avec les autres. Ils peuvent penser que mettre en avant leurs r\u00e9alisations ou leurs exp\u00e9riences int\u00e9ressantes les rendra plus attrayants socialement et les aidera \u00e0 se connecter avec des personnes partageant les m\u00eames int\u00e9r\u00eats.<\/p>\n\n\n\n<h2 class=\"wp-block-heading has-large-font-size\"><span class=\"ez-toc-section\" id=\"LInfluence_des_Reseaux_Sociaux\"><\/span><strong>L&#8217;Influence des R\u00e9seaux Sociaux<\/strong><span class=\"ez-toc-section-end\"><\/span><\/h2>\n\n\n\n<p>\u00c0 l&#8217;\u00e8re des r\u00e9seaux sociaux, la vantardise peut prendre une nouvelle dimension. Les plateformes en ligne offrent un espace pour mettre en sc\u00e8ne sa vie et ses r\u00e9alisations, ce qui peut pousser certaines personnes \u00e0 exag\u00e9rer pour susciter l&#8217;envie et l&#8217;admiration de leurs amis et de leurs abonn\u00e9s. La culture des &#8220;likes&#8221; et des commentaires positifs peut renforcer ce comportement, car chaque interaction en ligne peut servir de validation instantan\u00e9e.<\/p>\n\n\n\n<div style=\"height:100px\" aria-hidden=\"true\" class=\"wp-block-spacer\"><\/div>\n\n\n\n<h2 class=\"wp-block-heading has-large-font-size\"><span class=\"ez-toc-section\" id=\"Conclusion\"><\/span><strong>Conclusion<\/strong><span class=\"ez-toc-section-end\"><\/span><\/h2>\n\n\n\n<p>La vantardise est un ph\u00e9nom\u00e8ne complexe et multidimensionnel, aliment\u00e9 par des motivations psychologiques profondes telles que la recherche d&#8217;estime de soi, le d\u00e9sir d&#8217;\u00eatre admir\u00e9, la comp\u00e9tition sociale, le besoin d&#8217;appartenance et l&#8217;influence des r\u00e9seaux sociaux. Comprendre ces motivations peut nous aider \u00e0 adopter une perspective plus empathique envers ceux qui se vantent, tout en reconnaissant que leurs actions d\u00e9coulent souvent de besoins internes plus complexes. Au final, la vantardise peut \u00eatre vue comme une strat\u00e9gie pour naviguer dans le monde complexe des relations humaines et de l&#8217;estime de soi.<\/p>\n","protected":false},"excerpt":{"rendered":"<p>D\u00e9couvrez les motivations psychologiques cach\u00e9es derri\u00e8re le besoin de se vanter et de rechercher l&#8217;admiration des autres !<\/p>\n","protected":false},"author":1,"featured_media":485,"comment_status":"open","ping_status":"open","sticky":false,"template":"","format":"standard","meta":{"_glsr_average":0,"_glsr_ranking":0,"_glsr_reviews":0,"footnotes":""},"categories":[7],"tags":[],"class_list":["post-484","post","type-post","status-publish","format-standard","has-post-thumbnail","hentry","category-relations"],"yoast_head":"<!-- This site is optimized with the Yoast SEO plugin v26.8 - https:\/\/yoast.com\/product\/yoast-seo-wordpress\/ -->\n<title>Pourquoi certaines personnes ont besoin de se vanter ?<\/title>\n<meta name=\"description\" content=\"D\u00e9couvrez les motivations psychologiques cach\u00e9es derri\u00e8re le besoin de se vanter et de rechercher l&#039;admiration des autres !\" \/>\n<meta name=\"robots\" content=\"index, follow, max-snippet:-1, max-image-preview:large, max-video-preview:-1\" \/>\n<link rel=\"canonical\" href=\"https:\/\/tuto-comment.fr\/index.php\/2023\/08\/30\/pourquoi-certaines-personnes-ont-besoin-de-se-vanter\/\" \/>\n<meta property=\"og:locale\" content=\"en_US\" \/>\n<meta property=\"og:type\" content=\"article\" \/>\n<meta property=\"og:title\" content=\"Pourquoi certaines personnes ont besoin de se vanter ?\" \/>\n<meta property=\"og:description\" content=\"D\u00e9couvrez les motivations psychologiques cach\u00e9es derri\u00e8re le besoin de se vanter et de rechercher l&#039;admiration des autres !\" \/>\n<meta property=\"og:url\" content=\"https:\/\/tuto-comment.fr\/index.php\/2023\/08\/30\/pourquoi-certaines-personnes-ont-besoin-de-se-vanter\/\" \/>\n<meta property=\"og:site_name\" content=\"TutoComment\" \/>\n<meta property=\"article:published_time\" content=\"2023-08-30T14:00:00+00:00\" \/>\n<meta property=\"og:image\" content=\"https:\/\/tuto-comment.fr\/wp-content\/uploads\/2023\/08\/pexels-clement-percheron-4827381-scaled-1.jpg\" \/>\n\t<meta property=\"og:image:width\" content=\"1707\" \/>\n\t<meta property=\"og:image:height\" content=\"2560\" \/>\n\t<meta property=\"og:image:type\" content=\"image\/jpeg\" \/>\n<meta name=\"author\" content=\"tuto-comment.fr\" \/>\n<meta name=\"twitter:card\" content=\"summary_large_image\" \/>\n<meta name=\"twitter:label1\" content=\"Written by\" \/>\n\t<meta name=\"twitter:data1\" content=\"tuto-comment.fr\" \/>\n\t<meta name=\"twitter:label2\" content=\"Est. reading time\" \/>\n\t<meta name=\"twitter:data2\" content=\"4 minutes\" \/>\n<script type=\"application\/ld+json\" class=\"yoast-schema-graph\">{\"@context\":\"https:\/\/schema.org\",\"@graph\":[{\"@type\":\"Article\",\"@id\":\"https:\/\/tuto-comment.fr\/index.php\/2023\/08\/30\/pourquoi-certaines-personnes-ont-besoin-de-se-vanter\/#article\",\"isPartOf\":{\"@id\":\"https:\/\/tuto-comment.fr\/index.php\/2023\/08\/30\/pourquoi-certaines-personnes-ont-besoin-de-se-vanter\/\"},\"author\":{\"name\":\"tuto-comment.fr\",\"@id\":\"https:\/\/tuto-comment.fr\/#\/schema\/person\/1e7b057c231167a8ccaf57d03a17ff2a\"},\"headline\":\"Pourquoi certaines personnes ont besoin de se vanter ?\",\"datePublished\":\"2023-08-30T14:00:00+00:00\",\"mainEntityOfPage\":{\"@id\":\"https:\/\/tuto-comment.fr\/index.php\/2023\/08\/30\/pourquoi-certaines-personnes-ont-besoin-de-se-vanter\/\"},\"wordCount\":664,\"commentCount\":0,\"publisher\":{\"@id\":\"https:\/\/tuto-comment.fr\/#organization\"},\"image\":{\"@id\":\"https:\/\/tuto-comment.fr\/index.php\/2023\/08\/30\/pourquoi-certaines-personnes-ont-besoin-de-se-vanter\/#primaryimage\"},\"thumbnailUrl\":\"https:\/\/tuto-comment.fr\/wp-content\/uploads\/2023\/08\/pexels-clement-percheron-4827381-scaled-1.jpg\",\"articleSection\":[\"Relations\"],\"inLanguage\":\"en-US\",\"potentialAction\":[{\"@type\":\"CommentAction\",\"name\":\"Comment\",\"target\":[\"https:\/\/tuto-comment.fr\/index.php\/2023\/08\/30\/pourquoi-certaines-personnes-ont-besoin-de-se-vanter\/#respond\"]}]},{\"@type\":\"WebPage\",\"@id\":\"https:\/\/tuto-comment.fr\/index.php\/2023\/08\/30\/pourquoi-certaines-personnes-ont-besoin-de-se-vanter\/\",\"url\":\"https:\/\/tuto-comment.fr\/index.php\/2023\/08\/30\/pourquoi-certaines-personnes-ont-besoin-de-se-vanter\/\",\"name\":\"Pourquoi certaines personnes ont besoin de se vanter ?\",\"isPartOf\":{\"@id\":\"https:\/\/tuto-comment.fr\/#website\"},\"primaryImageOfPage\":{\"@id\":\"https:\/\/tuto-comment.fr\/index.php\/2023\/08\/30\/pourquoi-certaines-personnes-ont-besoin-de-se-vanter\/#primaryimage\"},\"image\":{\"@id\":\"https:\/\/tuto-comment.fr\/index.php\/2023\/08\/30\/pourquoi-certaines-personnes-ont-besoin-de-se-vanter\/#primaryimage\"},\"thumbnailUrl\":\"https:\/\/tuto-comment.fr\/wp-content\/uploads\/2023\/08\/pexels-clement-percheron-4827381-scaled-1.jpg\",\"datePublished\":\"2023-08-30T14:00:00+00:00\",\"description\":\"D\u00e9couvrez les motivations psychologiques cach\u00e9es derri\u00e8re le besoin de se vanter et de rechercher l'admiration des autres !\",\"breadcrumb\":{\"@id\":\"https:\/\/tuto-comment.fr\/index.php\/2023\/08\/30\/pourquoi-certaines-personnes-ont-besoin-de-se-vanter\/#breadcrumb\"},\"inLanguage\":\"en-US\",\"potentialAction\":[{\"@type\":\"ReadAction\",\"target\":[\"https:\/\/tuto-comment.fr\/index.php\/2023\/08\/30\/pourquoi-certaines-personnes-ont-besoin-de-se-vanter\/\"]}]},{\"@type\":\"ImageObject\",\"inLanguage\":\"en-US\",\"@id\":\"https:\/\/tuto-comment.fr\/index.php\/2023\/08\/30\/pourquoi-certaines-personnes-ont-besoin-de-se-vanter\/#primaryimage\",\"url\":\"https:\/\/tuto-comment.fr\/wp-content\/uploads\/2023\/08\/pexels-clement-percheron-4827381-scaled-1.jpg\",\"contentUrl\":\"https:\/\/tuto-comment.fr\/wp-content\/uploads\/2023\/08\/pexels-clement-percheron-4827381-scaled-1.jpg\",\"width\":1707,\"height\":2560},{\"@type\":\"BreadcrumbList\",\"@id\":\"https:\/\/tuto-comment.fr\/index.php\/2023\/08\/30\/pourquoi-certaines-personnes-ont-besoin-de-se-vanter\/#breadcrumb\",\"itemListElement\":[{\"@type\":\"ListItem\",\"position\":1,\"name\":\"Accueil\",\"item\":\"https:\/\/tuto-comment.fr\/\"},{\"@type\":\"ListItem\",\"position\":2,\"name\":\"Pourquoi certaines personnes ont besoin de se vanter ?\"}]},{\"@type\":\"WebSite\",\"@id\":\"https:\/\/tuto-comment.fr\/#website\",\"url\":\"https:\/\/tuto-comment.fr\/\",\"name\":\"TutoComment\",\"description\":\"Trouvez enfin r\u00e9ponse \u00e0 toutes vos questions !\",\"publisher\":{\"@id\":\"https:\/\/tuto-comment.fr\/#organization\"},\"potentialAction\":[{\"@type\":\"SearchAction\",\"target\":{\"@type\":\"EntryPoint\",\"urlTemplate\":\"https:\/\/tuto-comment.fr\/?s={search_term_string}\"},\"query-input\":{\"@type\":\"PropertyValueSpecification\",\"valueRequired\":true,\"valueName\":\"search_term_string\"}}],\"inLanguage\":\"en-US\"},{\"@type\":\"Organization\",\"@id\":\"https:\/\/tuto-comment.fr\/#organization\",\"name\":\"TutoComment\",\"url\":\"https:\/\/tuto-comment.fr\/\",\"logo\":{\"@type\":\"ImageObject\",\"inLanguage\":\"en-US\",\"@id\":\"https:\/\/tuto-comment.fr\/#\/schema\/logo\/image\/\",\"url\":\"https:\/\/tuto-comment.fr\/wp-content\/uploads\/2024\/01\/cropped-cropped-Design-sans-titre1-fotor-20230711192851.png\",\"contentUrl\":\"https:\/\/tuto-comment.fr\/wp-content\/uploads\/2024\/01\/cropped-cropped-Design-sans-titre1-fotor-20230711192851.png\",\"width\":512,\"height\":512,\"caption\":\"TutoComment\"},\"image\":{\"@id\":\"https:\/\/tuto-comment.fr\/#\/schema\/logo\/image\/\"}},{\"@type\":\"Person\",\"@id\":\"https:\/\/tuto-comment.fr\/#\/schema\/person\/1e7b057c231167a8ccaf57d03a17ff2a\",\"name\":\"tuto-comment.fr\",\"image\":{\"@type\":\"ImageObject\",\"inLanguage\":\"en-US\",\"@id\":\"https:\/\/tuto-comment.fr\/#\/schema\/person\/image\/\",\"url\":\"https:\/\/secure.gravatar.com\/avatar\/e071c928d43fd70423265539115cd13e?s=96&d=mm&r=g\",\"contentUrl\":\"https:\/\/secure.gravatar.com\/avatar\/e071c928d43fd70423265539115cd13e?s=96&d=mm&r=g\",\"caption\":\"tuto-comment.fr\"},\"sameAs\":[\"http:\/\/tuto-comment.fr\"],\"url\":\"https:\/\/tuto-comment.fr\/index.php\/author\/tuto-comment-fr\/\"}]}<\/script>\n<!-- \/ Yoast SEO plugin. -->","yoast_head_json":{"title":"Pourquoi certaines personnes ont besoin de se vanter ?","description":"D\u00e9couvrez les motivations psychologiques cach\u00e9es derri\u00e8re le besoin de se vanter et de rechercher l'admiration des autres !","robots":{"index":"index","follow":"follow","max-snippet":"max-snippet:-1","max-image-preview":"max-image-preview:large","max-video-preview":"max-video-preview:-1"},"canonical":"https:\/\/tuto-comment.fr\/index.php\/2023\/08\/30\/pourquoi-certaines-personnes-ont-besoin-de-se-vanter\/","og_locale":"en_US","og_type":"article","og_title":"Pourquoi certaines personnes ont besoin de se vanter ?","og_description":"D\u00e9couvrez les motivations psychologiques cach\u00e9es derri\u00e8re le besoin de se vanter et de rechercher l'admiration des autres !","og_url":"https:\/\/tuto-comment.fr\/index.php\/2023\/08\/30\/pourquoi-certaines-personnes-ont-besoin-de-se-vanter\/","og_site_name":"TutoComment","article_published_time":"2023-08-30T14:00:00+00:00","og_image":[{"width":1707,"height":2560,"url":"https:\/\/tuto-comment.fr\/wp-content\/uploads\/2023\/08\/pexels-clement-percheron-4827381-scaled-1.jpg","type":"image\/jpeg"}],"author":"tuto-comment.fr","twitter_card":"summary_large_image","twitter_misc":{"Written by":"tuto-comment.fr","Est. reading time":"4 minutes"},"schema":{"@context":"https:\/\/schema.org","@graph":[{"@type":"Article","@id":"https:\/\/tuto-comment.fr\/index.php\/2023\/08\/30\/pourquoi-certaines-personnes-ont-besoin-de-se-vanter\/#article","isPartOf":{"@id":"https:\/\/tuto-comment.fr\/index.php\/2023\/08\/30\/pourquoi-certaines-personnes-ont-besoin-de-se-vanter\/"},"author":{"name":"tuto-comment.fr","@id":"https:\/\/tuto-comment.fr\/#\/schema\/person\/1e7b057c231167a8ccaf57d03a17ff2a"},"headline":"Pourquoi certaines personnes ont besoin de se vanter ?","datePublished":"2023-08-30T14:00:00+00:00","mainEntityOfPage":{"@id":"https:\/\/tuto-comment.fr\/index.php\/2023\/08\/30\/pourquoi-certaines-personnes-ont-besoin-de-se-vanter\/"},"wordCount":664,"commentCount":0,"publisher":{"@id":"https:\/\/tuto-comment.fr\/#organization"},"image":{"@id":"https:\/\/tuto-comment.fr\/index.php\/2023\/08\/30\/pourquoi-certaines-personnes-ont-besoin-de-se-vanter\/#primaryimage"},"thumbnailUrl":"https:\/\/tuto-comment.fr\/wp-content\/uploads\/2023\/08\/pexels-clement-percheron-4827381-scaled-1.jpg","articleSection":["Relations"],"inLanguage":"en-US","potentialAction":[{"@type":"CommentAction","name":"Comment","target":["https:\/\/tuto-comment.fr\/index.php\/2023\/08\/30\/pourquoi-certaines-personnes-ont-besoin-de-se-vanter\/#respond"]}]},{"@type":"WebPage","@id":"https:\/\/tuto-comment.fr\/index.php\/2023\/08\/30\/pourquoi-certaines-personnes-ont-besoin-de-se-vanter\/","url":"https:\/\/tuto-comment.fr\/index.php\/2023\/08\/30\/pourquoi-certaines-personnes-ont-besoin-de-se-vanter\/","name":"Pourquoi certaines personnes ont besoin de se vanter ?","isPartOf":{"@id":"https:\/\/tuto-comment.fr\/#website"},"primaryImageOfPage":{"@id":"https:\/\/tuto-comment.fr\/index.php\/2023\/08\/30\/pourquoi-certaines-personnes-ont-besoin-de-se-vanter\/#primaryimage"},"image":{"@id":"https:\/\/tuto-comment.fr\/index.php\/2023\/08\/30\/pourquoi-certaines-personnes-ont-besoin-de-se-vanter\/#primaryimage"},"thumbnailUrl":"https:\/\/tuto-comment.fr\/wp-content\/uploads\/2023\/08\/pexels-clement-percheron-4827381-scaled-1.jpg","datePublished":"2023-08-30T14:00:00+00:00","description":"D\u00e9couvrez les motivations psychologiques cach\u00e9es derri\u00e8re le besoin de se vanter et de rechercher l'admiration des autres !","breadcrumb":{"@id":"https:\/\/tuto-comment.fr\/index.php\/2023\/08\/30\/pourquoi-certaines-personnes-ont-besoin-de-se-vanter\/#breadcrumb"},"inLanguage":"en-US","potentialAction":[{"@type":"ReadAction","target":["https:\/\/tuto-comment.fr\/index.php\/2023\/08\/30\/pourquoi-certaines-personnes-ont-besoin-de-se-vanter\/"]}]},{"@type":"ImageObject","inLanguage":"en-US","@id":"https:\/\/tuto-comment.fr\/index.php\/2023\/08\/30\/pourquoi-certaines-personnes-ont-besoin-de-se-vanter\/#primaryimage","url":"https:\/\/tuto-comment.fr\/wp-content\/uploads\/2023\/08\/pexels-clement-percheron-4827381-scaled-1.jpg","contentUrl":"https:\/\/tuto-comment.fr\/wp-content\/uploads\/2023\/08\/pexels-clement-percheron-4827381-scaled-1.jpg","width":1707,"height":2560},{"@type":"BreadcrumbList","@id":"https:\/\/tuto-comment.fr\/index.php\/2023\/08\/30\/pourquoi-certaines-personnes-ont-besoin-de-se-vanter\/#breadcrumb","itemListElement":[{"@type":"ListItem","position":1,"name":"Accueil","item":"https:\/\/tuto-comment.fr\/"},{"@type":"ListItem","position":2,"name":"Pourquoi certaines personnes ont besoin de se vanter ?"}]},{"@type":"WebSite","@id":"https:\/\/tuto-comment.fr\/#website","url":"https:\/\/tuto-comment.fr\/","name":"TutoComment","description":"Trouvez enfin r\u00e9ponse \u00e0 toutes vos questions !","publisher":{"@id":"https:\/\/tuto-comment.fr\/#organization"},"potentialAction":[{"@type":"SearchAction","target":{"@type":"EntryPoint","urlTemplate":"https:\/\/tuto-comment.fr\/?s={search_term_string}"},"query-input":{"@type":"PropertyValueSpecification","valueRequired":true,"valueName":"search_term_string"}}],"inLanguage":"en-US"},{"@type":"Organization","@id":"https:\/\/tuto-comment.fr\/#organization","name":"TutoComment","url":"https:\/\/tuto-comment.fr\/","logo":{"@type":"ImageObject","inLanguage":"en-US","@id":"https:\/\/tuto-comment.fr\/#\/schema\/logo\/image\/","url":"https:\/\/tuto-comment.fr\/wp-content\/uploads\/2024\/01\/cropped-cropped-Design-sans-titre1-fotor-20230711192851.png","contentUrl":"https:\/\/tuto-comment.fr\/wp-content\/uploads\/2024\/01\/cropped-cropped-Design-sans-titre1-fotor-20230711192851.png","width":512,"height":512,"caption":"TutoComment"},"image":{"@id":"https:\/\/tuto-comment.fr\/#\/schema\/logo\/image\/"}},{"@type":"Person","@id":"https:\/\/tuto-comment.fr\/#\/schema\/person\/1e7b057c231167a8ccaf57d03a17ff2a","name":"tuto-comment.fr","image":{"@type":"ImageObject","inLanguage":"en-US","@id":"https:\/\/tuto-comment.fr\/#\/schema\/person\/image\/","url":"https:\/\/secure.gravatar.com\/avatar\/e071c928d43fd70423265539115cd13e?s=96&d=mm&r=g","contentUrl":"https:\/\/secure.gravatar.com\/avatar\/e071c928d43fd70423265539115cd13e?s=96&d=mm&r=g","caption":"tuto-comment.fr"},"sameAs":["http:\/\/tuto-comment.fr"],"url":"https:\/\/tuto-comment.fr\/index.php\/author\/tuto-comment-fr\/"}]}},"_links":{"self":[{"href":"https:\/\/tuto-comment.fr\/index.php\/wp-json\/wp\/v2\/posts\/484","targetHints":{"allow":["GET"]}}],"collection":[{"href":"https:\/\/tuto-comment.fr\/index.php\/wp-json\/wp\/v2\/posts"}],"about":[{"href":"https:\/\/tuto-comment.fr\/index.php\/wp-json\/wp\/v2\/types\/post"}],"author":[{"embeddable":true,"href":"https:\/\/tuto-comment.fr\/index.php\/wp-json\/wp\/v2\/users\/1"}],"replies":[{"embeddable":true,"href":"https:\/\/tuto-comment.fr\/index.php\/wp-json\/wp\/v2\/comments?post=484"}],"version-history":[{"count":0,"href":"https:\/\/tuto-comment.fr\/index.php\/wp-json\/wp\/v2\/posts\/484\/revisions"}],"wp:featuredmedia":[{"embeddable":true,"href":"https:\/\/tuto-comment.fr\/index.php\/wp-json\/wp\/v2\/media\/485"}],"wp:attachment":[{"href":"https:\/\/tuto-comment.fr\/index.php\/wp-json\/wp\/v2\/media?parent=484"}],"wp:term":[{"taxonomy":"category","embeddable":true,"href":"https:\/\/tuto-comment.fr\/index.php\/wp-json\/wp\/v2\/categories?post=484"},{"taxonomy":"post_tag","embeddable":true,"href":"https:\/\/tuto-comment.fr\/index.php\/wp-json\/wp\/v2\/tags?post=484"}],"curies":[{"name":"wp","href":"https:\/\/api.w.org\/{rel}","templated":true}]}}