{"id":344,"date":"2023-08-26T15:42:35","date_gmt":"2023-08-26T13:42:35","guid":{"rendered":"https:\/\/tuto-comment.fr\/?p=344"},"modified":"2023-08-26T15:42:35","modified_gmt":"2023-08-26T13:42:35","slug":"comment-changer-sa-facon-de-penser","status":"publish","type":"post","link":"https:\/\/tuto-comment.fr\/index.php\/2023\/08\/26\/comment-changer-sa-facon-de-penser\/","title":{"rendered":"Comment changer sa fa\u00e7on de penser ?"},"content":{"rendered":"\n<div id=\"ez-toc-container\" class=\"ez-toc-v2_0_82_2 counter-hierarchy ez-toc-counter ez-toc-grey ez-toc-container-direction\">\n<div class=\"ez-toc-title-container\">\n<p class=\"ez-toc-title\" style=\"cursor:inherit\">Table des mati\u00e8res<\/p>\n<span class=\"ez-toc-title-toggle\"><a href=\"#\" class=\"ez-toc-pull-right ez-toc-btn ez-toc-btn-xs ez-toc-btn-default ez-toc-toggle\" aria-label=\"Toggle Table of Content\"><span class=\"ez-toc-js-icon-con\"><span class=\"\"><span class=\"eztoc-hide\" style=\"display:none;\">Toggle<\/span><span class=\"ez-toc-icon-toggle-span\"><svg style=\"fill: #999;color:#999\" xmlns=\"http:\/\/www.w3.org\/2000\/svg\" class=\"list-377408\" width=\"20px\" height=\"20px\" viewBox=\"0 0 24 24\" fill=\"none\"><path d=\"M6 6H4v2h2V6zm14 0H8v2h12V6zM4 11h2v2H4v-2zm16 0H8v2h12v-2zM4 16h2v2H4v-2zm16 0H8v2h12v-2z\" fill=\"currentColor\"><\/path><\/svg><svg style=\"fill: #999;color:#999\" class=\"arrow-unsorted-368013\" xmlns=\"http:\/\/www.w3.org\/2000\/svg\" width=\"10px\" height=\"10px\" viewBox=\"0 0 24 24\" version=\"1.2\" baseProfile=\"tiny\"><path d=\"M18.2 9.3l-6.2-6.3-6.2 6.3c-.2.2-.3.4-.3.7s.1.5.3.7c.2.2.4.3.7.3h11c.3 0 .5-.1.7-.3.2-.2.3-.5.3-.7s-.1-.5-.3-.7zM5.8 14.7l6.2 6.3 6.2-6.3c.2-.2.3-.5.3-.7s-.1-.5-.3-.7c-.2-.2-.4-.3-.7-.3h-11c-.3 0-.5.1-.7.3-.2.2-.3.5-.3.7s.1.5.3.7z\"\/><\/svg><\/span><\/span><\/span><\/a><\/span><\/div>\n<nav><ul class='ez-toc-list ez-toc-list-level-1 ' ><li class='ez-toc-page-1 ez-toc-heading-level-1'><a class=\"ez-toc-link ez-toc-heading-1\" href=\"https:\/\/tuto-comment.fr\/index.php\/2023\/08\/26\/comment-changer-sa-facon-de-penser\/#Comment_changer_sa_facon_de_penser\" >Comment changer sa fa\u00e7on de penser ?<\/a><ul class='ez-toc-list-level-2' ><li class='ez-toc-heading-level-2'><a class=\"ez-toc-link ez-toc-heading-2\" href=\"https:\/\/tuto-comment.fr\/index.php\/2023\/08\/26\/comment-changer-sa-facon-de-penser\/#Comprendre_limportance_de_changer_sa_facon_de_penser\" >Comprendre l&#8217;importance de changer sa fa\u00e7on de penser<\/a><\/li><li class='ez-toc-page-1 ez-toc-heading-level-2'><a class=\"ez-toc-link ez-toc-heading-3\" href=\"https:\/\/tuto-comment.fr\/index.php\/2023\/08\/26\/comment-changer-sa-facon-de-penser\/#Etapes_pour_changer_sa_facon_de_penser\" >\u00c9tapes pour changer sa fa\u00e7on de penser :<\/a><ul class='ez-toc-list-level-3' ><li class='ez-toc-heading-level-3'><a class=\"ez-toc-link ez-toc-heading-4\" href=\"https:\/\/tuto-comment.fr\/index.php\/2023\/08\/26\/comment-changer-sa-facon-de-penser\/#1_Prendre_conscience_de_vos_pensees_actuelles\" >1. Prendre conscience de vos pens\u00e9es actuelles<\/a><\/li><li class='ez-toc-page-1 ez-toc-heading-level-3'><a class=\"ez-toc-link ez-toc-heading-5\" href=\"https:\/\/tuto-comment.fr\/index.php\/2023\/08\/26\/comment-changer-sa-facon-de-penser\/#2_Identifier_les_croyances_limitantes\" >2. Identifier les croyances limitantes<\/a><\/li><li class='ez-toc-page-1 ez-toc-heading-level-3'><a class=\"ez-toc-link ez-toc-heading-6\" href=\"https:\/\/tuto-comment.fr\/index.php\/2023\/08\/26\/comment-changer-sa-facon-de-penser\/#3_Pratiquer_la_pensee_positive\" >3. Pratiquer la pens\u00e9e positive<\/a><\/li><li class='ez-toc-page-1 ez-toc-heading-level-3'><a class=\"ez-toc-link ez-toc-heading-7\" href=\"https:\/\/tuto-comment.fr\/index.php\/2023\/08\/26\/comment-changer-sa-facon-de-penser\/#4_Cultiver_la_curiosite_intellectuelle\" >4. Cultiver la curiosit\u00e9 intellectuelle<\/a><\/li><li class='ez-toc-page-1 ez-toc-heading-level-3'><a class=\"ez-toc-link ez-toc-heading-8\" href=\"https:\/\/tuto-comment.fr\/index.php\/2023\/08\/26\/comment-changer-sa-facon-de-penser\/#5_Sortir_de_sa_zone_de_confort\" >5. Sortir de sa zone de confort<\/a><\/li><li class='ez-toc-page-1 ez-toc-heading-level-3'><a class=\"ez-toc-link ez-toc-heading-9\" href=\"https:\/\/tuto-comment.fr\/index.php\/2023\/08\/26\/comment-changer-sa-facon-de-penser\/#6_Sentourer_de_personnes_positives\" >6. S&#8217;entourer de personnes positives<\/a><\/li><\/ul><\/li><li class='ez-toc-page-1 ez-toc-heading-level-2'><a class=\"ez-toc-link ez-toc-heading-10\" href=\"https:\/\/tuto-comment.fr\/index.php\/2023\/08\/26\/comment-changer-sa-facon-de-penser\/#Conclusion\" >Conclusion<\/a><\/li><\/ul><\/li><\/ul><\/nav><\/div>\n<h1 class=\"wp-block-heading has-large-font-size\"><span class=\"ez-toc-section\" id=\"Comment_changer_sa_facon_de_penser\"><\/span>Comment changer sa fa\u00e7on de penser ?<span class=\"ez-toc-section-end\"><\/span><\/h1>\n\n\n\n<p>Notre fa\u00e7on de penser joue un r\u00f4le crucial dans la fa\u00e7on dont nous percevons le monde qui nous entoure et la mani\u00e8re dont nous prenons des d\u00e9cisions. Parfois, il peut \u00eatre n\u00e9cessaire de remettre en question nos pens\u00e9es et croyances pour favoriser une croissance personnelle et une meilleure compr\u00e9hension de nous-m\u00eames. Dans cet article, nous allons explorer en d\u00e9tail comment changer sa fa\u00e7on de penser peut conduire \u00e0 une transformation personnelle profonde et vous guider \u00e0 travers ce processus enrichissant.<\/p>\n\n\n\n<figure class=\"wp-block-image size-large is-resized\"><img  title=\"\" loading=\"lazy\" decoding=\"async\" src=\"https:\/\/tuto-comment.fr\/wp-content\/uploads\/2023\/08\/pexels-ariel-paredes-2218208-1024x683.jpg\"  alt=\"pexels-ariel-paredes-2218208-1024x683 Comment changer sa fa\u00e7on de penser ?\"  class=\"wp-image-345\" width=\"544\" height=\"362\"\/><\/figure>\n\n\n\n<div style=\"height:100px\" aria-hidden=\"true\" class=\"wp-block-spacer\"><\/div>\n\n\n\n<h2 class=\"wp-block-heading has-large-font-size\"><span class=\"ez-toc-section\" id=\"Comprendre_limportance_de_changer_sa_facon_de_penser\"><\/span><strong>Comprendre l&#8217;importance de changer sa fa\u00e7on de penser<\/strong><span class=\"ez-toc-section-end\"><\/span><\/h2>\n\n\n\n<p>Notre pens\u00e9e est le fondement de nos actions, de nos \u00e9motions et de nos comportements. Si nous sommes constamment pi\u00e9g\u00e9s dans des sch\u00e9mas de pens\u00e9e n\u00e9gatifs ou limitants, cela peut entraver notre d\u00e9veloppement personnel et professionnel. Changer sa fa\u00e7on de penser implique de remettre en question les croyances limitantes et de cultiver une mentalit\u00e9 ouverte \u00e0 de nouvelles perspectives.<\/p>\n\n\n\n<h2 class=\"wp-block-heading has-large-font-size\"><span class=\"ez-toc-section\" id=\"Etapes_pour_changer_sa_facon_de_penser\"><\/span><strong>\u00c9tapes pour changer sa fa\u00e7on de penser :<\/strong><span class=\"ez-toc-section-end\"><\/span><\/h2>\n\n\n\n<h3 class=\"wp-block-heading\"><span class=\"ez-toc-section\" id=\"1_Prendre_conscience_de_vos_pensees_actuelles\"><\/span><strong>1. Prendre conscience de vos pens\u00e9es actuelles<\/strong><span class=\"ez-toc-section-end\"><\/span><\/h3>\n\n\n\n<p>La premi\u00e8re \u00e9tape pour changer sa fa\u00e7on de penser est de prendre conscience de vos pens\u00e9es actuelles. Gardez un journal de vos pens\u00e9es pendant quelques jours pour identifier les sch\u00e9mas n\u00e9gatifs ou limitants qui pourraient vous affecter. Cela vous aidera \u00e0 comprendre les domaines sp\u00e9cifiques o\u00f9 vous pourriez avoir besoin de travailler.<\/p>\n\n\n\n<h3 class=\"wp-block-heading\"><span class=\"ez-toc-section\" id=\"2_Identifier_les_croyances_limitantes\"><\/span><strong>2. Identifier les croyances limitantes<\/strong><span class=\"ez-toc-section-end\"><\/span><\/h3>\n\n\n\n<p>Une fois que vous avez identifi\u00e9 vos sch\u00e9mas de pens\u00e9e, recherchez les croyances limitantes qui les sous-tendent. Ce sont souvent des id\u00e9es profond\u00e9ment enracin\u00e9es qui peuvent provenir d&#8217;exp\u00e9riences pass\u00e9es, d&#8217;influences externes ou m\u00eame de peurs personnelles. Identifiez ces croyances et remettez-les en question en vous demandant si elles sont r\u00e9ellement fond\u00e9es.<\/p>\n\n\n\n<h3 class=\"wp-block-heading\"><span class=\"ez-toc-section\" id=\"3_Pratiquer_la_pensee_positive\"><\/span><strong>3. Pratiquer la pens\u00e9e positive<\/strong><span class=\"ez-toc-section-end\"><\/span><\/h3>\n\n\n\n<p>La pens\u00e9e positive peut sembler clich\u00e9e, mais elle a un r\u00e9el impact sur la fa\u00e7on dont nous percevons le monde. Remplacez les pens\u00e9es n\u00e9gatives par des affirmations positives. Par exemple, au lieu de vous dire &#8220;Je ne peux pas le faire&#8221;, dites-vous &#8220;Je peux relever ce d\u00e9fi avec pers\u00e9v\u00e9rance&#8221;. La r\u00e9p\u00e9tition r\u00e9guli\u00e8re de ces affirmations peut reprogrammer votre esprit pour adopter une attitude positive.<\/p>\n\n\n\n<h3 class=\"wp-block-heading\"><span class=\"ez-toc-section\" id=\"4_Cultiver_la_curiosite_intellectuelle\"><\/span><strong>4. Cultiver la curiosit\u00e9 intellectuelle<\/strong><span class=\"ez-toc-section-end\"><\/span><\/h3>\n\n\n\n<p>Changer sa fa\u00e7on de penser implique d&#8217;embrasser de nouvelles perspectives. Cultivez la curiosit\u00e9 intellectuelle en lisant des livres sur des sujets diff\u00e9rents de votre domaine d&#8217;expertise, en regardant des documentaires intrigants ou en engageant des discussions avec des personnes ayant des opinions diff\u00e9rentes. Cette ouverture d&#8217;esprit peut \u00e9largir vos horizons et stimuler votre cr\u00e9ativit\u00e9.<\/p>\n\n\n\n<h3 class=\"wp-block-heading\"><span class=\"ez-toc-section\" id=\"5_Sortir_de_sa_zone_de_confort\"><\/span><strong>5. Sortir de sa zone de confort<\/strong><span class=\"ez-toc-section-end\"><\/span><\/h3>\n\n\n\n<p>La croissance personnelle survient souvent lorsque nous nous aventurons en dehors de notre zone de confort. Essayez de nouvelles activit\u00e9s, relevez des d\u00e9fis in\u00e9dits et apprenez de nouvelles comp\u00e9tences. Ce processus encourage une mentalit\u00e9 de croissance et vous permet de voir les obstacles comme des opportunit\u00e9s d&#8217;apprentissage.<\/p>\n\n\n\n<h3 class=\"wp-block-heading\"><span class=\"ez-toc-section\" id=\"6_Sentourer_de_personnes_positives\"><\/span><strong>6. S&#8217;entourer de personnes positives<\/strong><span class=\"ez-toc-section-end\"><\/span><\/h3>\n\n\n\n<p>Les personnes avec lesquelles nous passons du temps ont un impact significatif sur notre fa\u00e7on de penser. Entourez-vous de personnes positives, motiv\u00e9es et encourageantes. Leur \u00e9nergie et leur soutien peuvent renforcer votre d\u00e9termination \u00e0 changer votre mani\u00e8re de penser.<\/p>\n\n\n\n<div style=\"height:100px\" aria-hidden=\"true\" class=\"wp-block-spacer\"><\/div>\n\n\n\n<h2 class=\"wp-block-heading has-large-font-size\"><span class=\"ez-toc-section\" id=\"Conclusion\"><\/span><strong>Conclusion<\/strong><span class=\"ez-toc-section-end\"><\/span><\/h2>\n\n\n\n<p>Changer sa fa\u00e7on de penser est un voyage continu et enrichissant qui peut conduire \u00e0 une transformation personnelle profonde. En prenant conscience de vos pens\u00e9es, en identifiant les croyances limitantes et en cultivant une mentalit\u00e9 positive et ouverte, vous pouvez progressivement fa\u00e7onner une nouvelle perspective sur vous-m\u00eame et sur le monde qui vous entoure. En embrassant le changement et en adoptant des pratiques de croissance personnelle, vous vous ouvrez \u00e0 d&#8217;innombrables possibilit\u00e9s d&#8217;\u00e9panouissement et de succ\u00e8s. Commencez d\u00e8s aujourd&#8217;hui ce voyage vers une pens\u00e9e plus positive et transformative.<\/p>\n","protected":false},"excerpt":{"rendered":"<p>D\u00e9couvrez comment changer votre fa\u00e7on de penser peut conduire \u00e0 une transformation personnelle profonde dans ce guide complet !<\/p>\n","protected":false},"author":1,"featured_media":345,"comment_status":"open","ping_status":"open","sticky":false,"template":"","format":"standard","meta":{"_glsr_average":0,"_glsr_ranking":0,"_glsr_reviews":0,"footnotes":""},"categories":[8],"tags":[],"class_list":["post-344","post","type-post","status-publish","format-standard","has-post-thumbnail","hentry","category-sante"],"yoast_head":"<!-- This site is optimized with the Yoast SEO plugin v26.8 - https:\/\/yoast.com\/product\/yoast-seo-wordpress\/ -->\n<title>Comment changer sa fa\u00e7on de penser ? - TutoComment<\/title>\n<meta name=\"description\" content=\"D\u00e9couvrez comment changer votre fa\u00e7on de penser peut conduire \u00e0 une transformation personnelle profonde dans ce guide complet !\" \/>\n<meta name=\"robots\" content=\"index, follow, max-snippet:-1, max-image-preview:large, max-video-preview:-1\" \/>\n<link rel=\"canonical\" href=\"https:\/\/tuto-comment.fr\/index.php\/2023\/08\/26\/comment-changer-sa-facon-de-penser\/\" \/>\n<meta property=\"og:locale\" content=\"en_US\" \/>\n<meta property=\"og:type\" content=\"article\" \/>\n<meta property=\"og:title\" content=\"Comment changer sa fa\u00e7on de penser ? - TutoComment\" \/>\n<meta property=\"og:description\" content=\"D\u00e9couvrez comment changer votre fa\u00e7on de penser peut conduire \u00e0 une transformation personnelle profonde dans ce guide complet !\" \/>\n<meta property=\"og:url\" content=\"https:\/\/tuto-comment.fr\/index.php\/2023\/08\/26\/comment-changer-sa-facon-de-penser\/\" \/>\n<meta property=\"og:site_name\" content=\"TutoComment\" \/>\n<meta property=\"article:published_time\" content=\"2023-08-26T13:42:35+00:00\" \/>\n<meta property=\"og:image\" content=\"https:\/\/tuto-comment.fr\/wp-content\/uploads\/2023\/08\/pexels-ariel-paredes-2218208-scaled-1.jpg\" \/>\n\t<meta property=\"og:image:width\" content=\"2560\" \/>\n\t<meta property=\"og:image:height\" content=\"1707\" \/>\n\t<meta property=\"og:image:type\" content=\"image\/jpeg\" \/>\n<meta name=\"author\" content=\"tuto-comment.fr\" \/>\n<meta name=\"twitter:card\" content=\"summary_large_image\" \/>\n<meta name=\"twitter:label1\" content=\"Written by\" \/>\n\t<meta name=\"twitter:data1\" content=\"tuto-comment.fr\" \/>\n\t<meta name=\"twitter:label2\" content=\"Est. reading time\" \/>\n\t<meta name=\"twitter:data2\" content=\"4 minutes\" \/>\n<script type=\"application\/ld+json\" class=\"yoast-schema-graph\">{\"@context\":\"https:\/\/schema.org\",\"@graph\":[{\"@type\":\"Article\",\"@id\":\"https:\/\/tuto-comment.fr\/index.php\/2023\/08\/26\/comment-changer-sa-facon-de-penser\/#article\",\"isPartOf\":{\"@id\":\"https:\/\/tuto-comment.fr\/index.php\/2023\/08\/26\/comment-changer-sa-facon-de-penser\/\"},\"author\":{\"name\":\"tuto-comment.fr\",\"@id\":\"https:\/\/tuto-comment.fr\/#\/schema\/person\/1e7b057c231167a8ccaf57d03a17ff2a\"},\"headline\":\"Comment changer sa fa\u00e7on de penser ?\",\"datePublished\":\"2023-08-26T13:42:35+00:00\",\"mainEntityOfPage\":{\"@id\":\"https:\/\/tuto-comment.fr\/index.php\/2023\/08\/26\/comment-changer-sa-facon-de-penser\/\"},\"wordCount\":670,\"commentCount\":0,\"publisher\":{\"@id\":\"https:\/\/tuto-comment.fr\/#organization\"},\"image\":{\"@id\":\"https:\/\/tuto-comment.fr\/index.php\/2023\/08\/26\/comment-changer-sa-facon-de-penser\/#primaryimage\"},\"thumbnailUrl\":\"https:\/\/tuto-comment.fr\/wp-content\/uploads\/2023\/08\/pexels-ariel-paredes-2218208-scaled-1.jpg\",\"articleSection\":[\"Sant\u00e9\"],\"inLanguage\":\"en-US\",\"potentialAction\":[{\"@type\":\"CommentAction\",\"name\":\"Comment\",\"target\":[\"https:\/\/tuto-comment.fr\/index.php\/2023\/08\/26\/comment-changer-sa-facon-de-penser\/#respond\"]}]},{\"@type\":\"WebPage\",\"@id\":\"https:\/\/tuto-comment.fr\/index.php\/2023\/08\/26\/comment-changer-sa-facon-de-penser\/\",\"url\":\"https:\/\/tuto-comment.fr\/index.php\/2023\/08\/26\/comment-changer-sa-facon-de-penser\/\",\"name\":\"Comment changer sa fa\u00e7on de penser ? - TutoComment\",\"isPartOf\":{\"@id\":\"https:\/\/tuto-comment.fr\/#website\"},\"primaryImageOfPage\":{\"@id\":\"https:\/\/tuto-comment.fr\/index.php\/2023\/08\/26\/comment-changer-sa-facon-de-penser\/#primaryimage\"},\"image\":{\"@id\":\"https:\/\/tuto-comment.fr\/index.php\/2023\/08\/26\/comment-changer-sa-facon-de-penser\/#primaryimage\"},\"thumbnailUrl\":\"https:\/\/tuto-comment.fr\/wp-content\/uploads\/2023\/08\/pexels-ariel-paredes-2218208-scaled-1.jpg\",\"datePublished\":\"2023-08-26T13:42:35+00:00\",\"description\":\"D\u00e9couvrez comment changer votre fa\u00e7on de penser peut conduire \u00e0 une transformation personnelle profonde dans ce guide complet !\",\"breadcrumb\":{\"@id\":\"https:\/\/tuto-comment.fr\/index.php\/2023\/08\/26\/comment-changer-sa-facon-de-penser\/#breadcrumb\"},\"inLanguage\":\"en-US\",\"potentialAction\":[{\"@type\":\"ReadAction\",\"target\":[\"https:\/\/tuto-comment.fr\/index.php\/2023\/08\/26\/comment-changer-sa-facon-de-penser\/\"]}]},{\"@type\":\"ImageObject\",\"inLanguage\":\"en-US\",\"@id\":\"https:\/\/tuto-comment.fr\/index.php\/2023\/08\/26\/comment-changer-sa-facon-de-penser\/#primaryimage\",\"url\":\"https:\/\/tuto-comment.fr\/wp-content\/uploads\/2023\/08\/pexels-ariel-paredes-2218208-scaled-1.jpg\",\"contentUrl\":\"https:\/\/tuto-comment.fr\/wp-content\/uploads\/2023\/08\/pexels-ariel-paredes-2218208-scaled-1.jpg\",\"width\":2560,\"height\":1707},{\"@type\":\"BreadcrumbList\",\"@id\":\"https:\/\/tuto-comment.fr\/index.php\/2023\/08\/26\/comment-changer-sa-facon-de-penser\/#breadcrumb\",\"itemListElement\":[{\"@type\":\"ListItem\",\"position\":1,\"name\":\"Accueil\",\"item\":\"https:\/\/tuto-comment.fr\/\"},{\"@type\":\"ListItem\",\"position\":2,\"name\":\"Comment changer sa fa\u00e7on de penser ?\"}]},{\"@type\":\"WebSite\",\"@id\":\"https:\/\/tuto-comment.fr\/#website\",\"url\":\"https:\/\/tuto-comment.fr\/\",\"name\":\"TutoComment\",\"description\":\"Trouvez enfin r\u00e9ponse \u00e0 toutes vos questions !\",\"publisher\":{\"@id\":\"https:\/\/tuto-comment.fr\/#organization\"},\"potentialAction\":[{\"@type\":\"SearchAction\",\"target\":{\"@type\":\"EntryPoint\",\"urlTemplate\":\"https:\/\/tuto-comment.fr\/?s={search_term_string}\"},\"query-input\":{\"@type\":\"PropertyValueSpecification\",\"valueRequired\":true,\"valueName\":\"search_term_string\"}}],\"inLanguage\":\"en-US\"},{\"@type\":\"Organization\",\"@id\":\"https:\/\/tuto-comment.fr\/#organization\",\"name\":\"TutoComment\",\"url\":\"https:\/\/tuto-comment.fr\/\",\"logo\":{\"@type\":\"ImageObject\",\"inLanguage\":\"en-US\",\"@id\":\"https:\/\/tuto-comment.fr\/#\/schema\/logo\/image\/\",\"url\":\"https:\/\/tuto-comment.fr\/wp-content\/uploads\/2024\/01\/cropped-cropped-Design-sans-titre1-fotor-20230711192851.png\",\"contentUrl\":\"https:\/\/tuto-comment.fr\/wp-content\/uploads\/2024\/01\/cropped-cropped-Design-sans-titre1-fotor-20230711192851.png\",\"width\":512,\"height\":512,\"caption\":\"TutoComment\"},\"image\":{\"@id\":\"https:\/\/tuto-comment.fr\/#\/schema\/logo\/image\/\"}},{\"@type\":\"Person\",\"@id\":\"https:\/\/tuto-comment.fr\/#\/schema\/person\/1e7b057c231167a8ccaf57d03a17ff2a\",\"name\":\"tuto-comment.fr\",\"image\":{\"@type\":\"ImageObject\",\"inLanguage\":\"en-US\",\"@id\":\"https:\/\/tuto-comment.fr\/#\/schema\/person\/image\/\",\"url\":\"https:\/\/secure.gravatar.com\/avatar\/e071c928d43fd70423265539115cd13e?s=96&d=mm&r=g\",\"contentUrl\":\"https:\/\/secure.gravatar.com\/avatar\/e071c928d43fd70423265539115cd13e?s=96&d=mm&r=g\",\"caption\":\"tuto-comment.fr\"},\"sameAs\":[\"http:\/\/tuto-comment.fr\"],\"url\":\"https:\/\/tuto-comment.fr\/index.php\/author\/tuto-comment-fr\/\"}]}<\/script>\n<!-- \/ Yoast SEO plugin. -->","yoast_head_json":{"title":"Comment changer sa fa\u00e7on de penser ? - TutoComment","description":"D\u00e9couvrez comment changer votre fa\u00e7on de penser peut conduire \u00e0 une transformation personnelle profonde dans ce guide complet !","robots":{"index":"index","follow":"follow","max-snippet":"max-snippet:-1","max-image-preview":"max-image-preview:large","max-video-preview":"max-video-preview:-1"},"canonical":"https:\/\/tuto-comment.fr\/index.php\/2023\/08\/26\/comment-changer-sa-facon-de-penser\/","og_locale":"en_US","og_type":"article","og_title":"Comment changer sa fa\u00e7on de penser ? - TutoComment","og_description":"D\u00e9couvrez comment changer votre fa\u00e7on de penser peut conduire \u00e0 une transformation personnelle profonde dans ce guide complet !","og_url":"https:\/\/tuto-comment.fr\/index.php\/2023\/08\/26\/comment-changer-sa-facon-de-penser\/","og_site_name":"TutoComment","article_published_time":"2023-08-26T13:42:35+00:00","og_image":[{"width":2560,"height":1707,"url":"https:\/\/tuto-comment.fr\/wp-content\/uploads\/2023\/08\/pexels-ariel-paredes-2218208-scaled-1.jpg","type":"image\/jpeg"}],"author":"tuto-comment.fr","twitter_card":"summary_large_image","twitter_misc":{"Written by":"tuto-comment.fr","Est. reading time":"4 minutes"},"schema":{"@context":"https:\/\/schema.org","@graph":[{"@type":"Article","@id":"https:\/\/tuto-comment.fr\/index.php\/2023\/08\/26\/comment-changer-sa-facon-de-penser\/#article","isPartOf":{"@id":"https:\/\/tuto-comment.fr\/index.php\/2023\/08\/26\/comment-changer-sa-facon-de-penser\/"},"author":{"name":"tuto-comment.fr","@id":"https:\/\/tuto-comment.fr\/#\/schema\/person\/1e7b057c231167a8ccaf57d03a17ff2a"},"headline":"Comment changer sa fa\u00e7on de penser ?","datePublished":"2023-08-26T13:42:35+00:00","mainEntityOfPage":{"@id":"https:\/\/tuto-comment.fr\/index.php\/2023\/08\/26\/comment-changer-sa-facon-de-penser\/"},"wordCount":670,"commentCount":0,"publisher":{"@id":"https:\/\/tuto-comment.fr\/#organization"},"image":{"@id":"https:\/\/tuto-comment.fr\/index.php\/2023\/08\/26\/comment-changer-sa-facon-de-penser\/#primaryimage"},"thumbnailUrl":"https:\/\/tuto-comment.fr\/wp-content\/uploads\/2023\/08\/pexels-ariel-paredes-2218208-scaled-1.jpg","articleSection":["Sant\u00e9"],"inLanguage":"en-US","potentialAction":[{"@type":"CommentAction","name":"Comment","target":["https:\/\/tuto-comment.fr\/index.php\/2023\/08\/26\/comment-changer-sa-facon-de-penser\/#respond"]}]},{"@type":"WebPage","@id":"https:\/\/tuto-comment.fr\/index.php\/2023\/08\/26\/comment-changer-sa-facon-de-penser\/","url":"https:\/\/tuto-comment.fr\/index.php\/2023\/08\/26\/comment-changer-sa-facon-de-penser\/","name":"Comment changer sa fa\u00e7on de penser ? - TutoComment","isPartOf":{"@id":"https:\/\/tuto-comment.fr\/#website"},"primaryImageOfPage":{"@id":"https:\/\/tuto-comment.fr\/index.php\/2023\/08\/26\/comment-changer-sa-facon-de-penser\/#primaryimage"},"image":{"@id":"https:\/\/tuto-comment.fr\/index.php\/2023\/08\/26\/comment-changer-sa-facon-de-penser\/#primaryimage"},"thumbnailUrl":"https:\/\/tuto-comment.fr\/wp-content\/uploads\/2023\/08\/pexels-ariel-paredes-2218208-scaled-1.jpg","datePublished":"2023-08-26T13:42:35+00:00","description":"D\u00e9couvrez comment changer votre fa\u00e7on de penser peut conduire \u00e0 une transformation personnelle profonde dans ce guide complet !","breadcrumb":{"@id":"https:\/\/tuto-comment.fr\/index.php\/2023\/08\/26\/comment-changer-sa-facon-de-penser\/#breadcrumb"},"inLanguage":"en-US","potentialAction":[{"@type":"ReadAction","target":["https:\/\/tuto-comment.fr\/index.php\/2023\/08\/26\/comment-changer-sa-facon-de-penser\/"]}]},{"@type":"ImageObject","inLanguage":"en-US","@id":"https:\/\/tuto-comment.fr\/index.php\/2023\/08\/26\/comment-changer-sa-facon-de-penser\/#primaryimage","url":"https:\/\/tuto-comment.fr\/wp-content\/uploads\/2023\/08\/pexels-ariel-paredes-2218208-scaled-1.jpg","contentUrl":"https:\/\/tuto-comment.fr\/wp-content\/uploads\/2023\/08\/pexels-ariel-paredes-2218208-scaled-1.jpg","width":2560,"height":1707},{"@type":"BreadcrumbList","@id":"https:\/\/tuto-comment.fr\/index.php\/2023\/08\/26\/comment-changer-sa-facon-de-penser\/#breadcrumb","itemListElement":[{"@type":"ListItem","position":1,"name":"Accueil","item":"https:\/\/tuto-comment.fr\/"},{"@type":"ListItem","position":2,"name":"Comment changer sa fa\u00e7on de penser ?"}]},{"@type":"WebSite","@id":"https:\/\/tuto-comment.fr\/#website","url":"https:\/\/tuto-comment.fr\/","name":"TutoComment","description":"Trouvez enfin r\u00e9ponse \u00e0 toutes vos questions !","publisher":{"@id":"https:\/\/tuto-comment.fr\/#organization"},"potentialAction":[{"@type":"SearchAction","target":{"@type":"EntryPoint","urlTemplate":"https:\/\/tuto-comment.fr\/?s={search_term_string}"},"query-input":{"@type":"PropertyValueSpecification","valueRequired":true,"valueName":"search_term_string"}}],"inLanguage":"en-US"},{"@type":"Organization","@id":"https:\/\/tuto-comment.fr\/#organization","name":"TutoComment","url":"https:\/\/tuto-comment.fr\/","logo":{"@type":"ImageObject","inLanguage":"en-US","@id":"https:\/\/tuto-comment.fr\/#\/schema\/logo\/image\/","url":"https:\/\/tuto-comment.fr\/wp-content\/uploads\/2024\/01\/cropped-cropped-Design-sans-titre1-fotor-20230711192851.png","contentUrl":"https:\/\/tuto-comment.fr\/wp-content\/uploads\/2024\/01\/cropped-cropped-Design-sans-titre1-fotor-20230711192851.png","width":512,"height":512,"caption":"TutoComment"},"image":{"@id":"https:\/\/tuto-comment.fr\/#\/schema\/logo\/image\/"}},{"@type":"Person","@id":"https:\/\/tuto-comment.fr\/#\/schema\/person\/1e7b057c231167a8ccaf57d03a17ff2a","name":"tuto-comment.fr","image":{"@type":"ImageObject","inLanguage":"en-US","@id":"https:\/\/tuto-comment.fr\/#\/schema\/person\/image\/","url":"https:\/\/secure.gravatar.com\/avatar\/e071c928d43fd70423265539115cd13e?s=96&d=mm&r=g","contentUrl":"https:\/\/secure.gravatar.com\/avatar\/e071c928d43fd70423265539115cd13e?s=96&d=mm&r=g","caption":"tuto-comment.fr"},"sameAs":["http:\/\/tuto-comment.fr"],"url":"https:\/\/tuto-comment.fr\/index.php\/author\/tuto-comment-fr\/"}]}},"_links":{"self":[{"href":"https:\/\/tuto-comment.fr\/index.php\/wp-json\/wp\/v2\/posts\/344","targetHints":{"allow":["GET"]}}],"collection":[{"href":"https:\/\/tuto-comment.fr\/index.php\/wp-json\/wp\/v2\/posts"}],"about":[{"href":"https:\/\/tuto-comment.fr\/index.php\/wp-json\/wp\/v2\/types\/post"}],"author":[{"embeddable":true,"href":"https:\/\/tuto-comment.fr\/index.php\/wp-json\/wp\/v2\/users\/1"}],"replies":[{"embeddable":true,"href":"https:\/\/tuto-comment.fr\/index.php\/wp-json\/wp\/v2\/comments?post=344"}],"version-history":[{"count":0,"href":"https:\/\/tuto-comment.fr\/index.php\/wp-json\/wp\/v2\/posts\/344\/revisions"}],"wp:featuredmedia":[{"embeddable":true,"href":"https:\/\/tuto-comment.fr\/index.php\/wp-json\/wp\/v2\/media\/345"}],"wp:attachment":[{"href":"https:\/\/tuto-comment.fr\/index.php\/wp-json\/wp\/v2\/media?parent=344"}],"wp:term":[{"taxonomy":"category","embeddable":true,"href":"https:\/\/tuto-comment.fr\/index.php\/wp-json\/wp\/v2\/categories?post=344"},{"taxonomy":"post_tag","embeddable":true,"href":"https:\/\/tuto-comment.fr\/index.php\/wp-json\/wp\/v2\/tags?post=344"}],"curies":[{"name":"wp","href":"https:\/\/api.w.org\/{rel}","templated":true}]}}